{"id":1290,"date":"2025-06-01T23:37:49","date_gmt":"2025-06-01T23:37:49","guid":{"rendered":"https:\/\/cuerosdelsur.com.ar\/?p=1290"},"modified":"2025-06-02T00:04:19","modified_gmt":"2025-06-02T00:04:19","slug":"camisa-jean-con-cierre","status":"publish","type":"post","link":"https:\/\/cuerosdelsur.com.ar\/pt\/camisa-jean-con-cierre\/","title":{"rendered":"CAMISA JEANS COM Z\u00cdPER"},"content":{"rendered":"<div data-elementor-type=\"wp-post\" data-elementor-id=\"1290\" class=\"elementor elementor-1290\" data-elementor-post-type=\"post\">\n\t\t\t\t<div class=\"elementor-element elementor-element-2faa05f e-flex e-con-boxed e-con e-parent\" data-id=\"2faa05f\" data-element_type=\"container\" data-e-type=\"container\" data-settings=\"{&quot;background_background&quot;:&quot;classic&quot;}\">\n\t\t\t\t\t<div class=\"e-con-inner\">\n\t\t<div class=\"elementor-element elementor-element-cfc48a7 e-con-full e-flex e-con e-child\" data-id=\"cfc48a7\" data-element_type=\"container\" data-e-type=\"container\">\n\t\t\t\t<div class=\"elementor-element elementor-element-01becdc elementor-widget elementor-widget-heading\" data-id=\"01becdc\" data-element_type=\"widget\" data-e-type=\"widget\" data-widget_type=\"heading.default\">\n\t\t\t\t<div class=\"elementor-widget-container\">\n\t\t\t\t\t<h1 class=\"elementor-heading-title elementor-size-default\">CAMISA JEANS COM Z\u00cdPER<\/h1>\t\t\t\t<\/div>\n\t\t\t\t<\/div>\n\t\t\t\t<div class=\"elementor-element elementor-element-801e6a9 elementor-widget elementor-widget-text-editor\" data-id=\"801e6a9\" data-element_type=\"widget\" data-e-type=\"widget\" data-widget_type=\"text-editor.default\">\n\t\t\t\t<div class=\"elementor-widget-container\">\n\t\t\t\t\t\t\t\t\t<p><a href=\"https:\/\/cuerosdelsur.com.ar\/\">In\u00edcio<\/a> \/ Nossos produtos \/ CAMISA JEAN COM FECHAMENTO<\/p>\t\t\t\t\t\t\t\t<\/div>\n\t\t\t\t<\/div>\n\t\t\t\t<\/div>\n\t\t\t\t\t<\/div>\n\t\t\t\t<\/div>\n\t\t<div class=\"elementor-element elementor-element-ae16254 e-flex e-con-boxed e-con e-parent\" data-id=\"ae16254\" data-element_type=\"container\" data-e-type=\"container\">\n\t\t\t\t\t<div class=\"e-con-inner\">\n\t\t<div class=\"elementor-element elementor-element-f5d5479 e-con-full e-flex e-con e-child\" data-id=\"f5d5479\" data-element_type=\"container\" data-e-type=\"container\">\n\t\t<div class=\"elementor-element elementor-element-f38bb35 e-con-full e-flex e-con e-child\" data-id=\"f38bb35\" data-element_type=\"container\" data-e-type=\"container\">\n\t\t\t\t<div class=\"elementor-element elementor-element-73968ee elementor-hidden-tablet elementor-hidden-mobile elementor-widget elementor-widget-image\" data-id=\"73968ee\" data-element_type=\"widget\" data-e-type=\"widget\" data-widget_type=\"image.default\">\n\t\t\t\t<div class=\"elementor-widget-container\">\n\t\t\t\t\t\t\t\t\t\t\t\t\t\t\t\t<a href=\"https:\/\/cuerosdelsur.com.ar\/wp-content\/uploads\/2025\/06\/CAMISA-JEAN-CON-CIERRE-1A.jpeg\" data-elementor-open-lightbox=\"yes\" data-e-action-hash=\"#elementor-action%3Aaction%3Dlightbox%26settings%3DeyJpZCI6MTI5MywidXJsIjoiaHR0cHM6XC9cL2N1ZXJvc2RlbHN1ci5jb20uYXJcL3dwLWNvbnRlbnRcL3VwbG9hZHNcLzIwMjVcLzA2XC9DQU1JU0EtSkVBTi1DT04tQ0lFUlJFLTFBLmpwZWcifQ%3D%3D\">\n\t\t\t\t\t\t\t<img fetchpriority=\"high\" decoding=\"async\" width=\"800\" height=\"800\" src=\"https:\/\/cuerosdelsur.com.ar\/wp-content\/uploads\/2025\/06\/CAMISA-JEAN-CON-CIERRE-1A-1024x1024.jpeg\" class=\"attachment-large size-large wp-image-1293\" alt=\"\" srcset=\"https:\/\/cuerosdelsur.com.ar\/wp-content\/uploads\/2025\/06\/CAMISA-JEAN-CON-CIERRE-1A-1024x1024.jpeg 1024w, https:\/\/cuerosdelsur.com.ar\/wp-content\/uploads\/2025\/06\/CAMISA-JEAN-CON-CIERRE-1A-300x300.jpeg 300w, https:\/\/cuerosdelsur.com.ar\/wp-content\/uploads\/2025\/06\/CAMISA-JEAN-CON-CIERRE-1A-150x150.jpeg 150w, https:\/\/cuerosdelsur.com.ar\/wp-content\/uploads\/2025\/06\/CAMISA-JEAN-CON-CIERRE-1A-768x768.jpeg 768w, https:\/\/cuerosdelsur.com.ar\/wp-content\/uploads\/2025\/06\/CAMISA-JEAN-CON-CIERRE-1A-12x12.jpeg 12w, https:\/\/cuerosdelsur.com.ar\/wp-content\/uploads\/2025\/06\/CAMISA-JEAN-CON-CIERRE-1A.jpeg 1080w\" sizes=\"(max-width: 800px) 100vw, 800px\" \/>\t\t\t\t\t\t\t\t<\/a>\n\t\t\t\t\t\t\t\t\t\t\t\t\t\t\t<\/div>\n\t\t\t\t<\/div>\n\t\t<div class=\"elementor-element elementor-element-21e7434 e-con-full e-flex e-con e-child\" data-id=\"21e7434\" data-element_type=\"container\" data-e-type=\"container\">\n\t\t\t\t<div class=\"elementor-element elementor-element-df462d1 gallery-spacing-custom elementor-widget elementor-widget-image-gallery\" data-id=\"df462d1\" data-element_type=\"widget\" data-e-type=\"widget\" data-widget_type=\"image-gallery.default\">\n\t\t\t\t<div class=\"elementor-widget-container\">\n\t\t\t\t\t\t\t<div class=\"elementor-image-gallery\">\n\t\t\t<div id='gallery-1' class='gallery galleryid-1290 gallery-columns-4 gallery-size-full'><figure class='gallery-item'>\n\t\t\t<div class='gallery-icon landscape'>\n\t\t\t\t<a data-elementor-open-lightbox=\"yes\" data-elementor-lightbox-slideshow=\"df462d1\" data-e-action-hash=\"#elementor-action%3Aaction%3Dlightbox%26settings%3DeyJpZCI6MTI5OSwidXJsIjoiaHR0cHM6XC9cL2N1ZXJvc2RlbHN1ci5jb20uYXJcL3dwLWNvbnRlbnRcL3VwbG9hZHNcLzIwMjVcLzA2XC9DQU1JU0EtSkVBTi1DT04tQ0lFUlJFLTEuanBlZyIsInNsaWRlc2hvdyI6ImRmNDYyZDEifQ%3D%3D\" href='https:\/\/cuerosdelsur.com.ar\/wp-content\/uploads\/2025\/06\/CAMISA-JEAN-CON-CIERRE-1.jpeg'><img decoding=\"async\" width=\"1080\" height=\"1080\" src=\"https:\/\/cuerosdelsur.com.ar\/wp-content\/uploads\/2025\/06\/CAMISA-JEAN-CON-CIERRE-1.jpeg\" class=\"attachment-full size-full\" alt=\"\" srcset=\"https:\/\/cuerosdelsur.com.ar\/wp-content\/uploads\/2025\/06\/CAMISA-JEAN-CON-CIERRE-1.jpeg 1080w, https:\/\/cuerosdelsur.com.ar\/wp-content\/uploads\/2025\/06\/CAMISA-JEAN-CON-CIERRE-1-300x300.jpeg 300w, https:\/\/cuerosdelsur.com.ar\/wp-content\/uploads\/2025\/06\/CAMISA-JEAN-CON-CIERRE-1-1024x1024.jpeg 1024w, https:\/\/cuerosdelsur.com.ar\/wp-content\/uploads\/2025\/06\/CAMISA-JEAN-CON-CIERRE-1-150x150.jpeg 150w, https:\/\/cuerosdelsur.com.ar\/wp-content\/uploads\/2025\/06\/CAMISA-JEAN-CON-CIERRE-1-768x768.jpeg 768w, https:\/\/cuerosdelsur.com.ar\/wp-content\/uploads\/2025\/06\/CAMISA-JEAN-CON-CIERRE-1-12x12.jpeg 12w\" sizes=\"(max-width: 1080px) 100vw, 1080px\" \/><\/a>\n\t\t\t<\/div><\/figure><figure class='gallery-item'>\n\t\t\t<div class='gallery-icon landscape'>\n\t\t\t\t<a data-elementor-open-lightbox=\"yes\" data-elementor-lightbox-slideshow=\"df462d1\" data-e-action-hash=\"#elementor-action%3Aaction%3Dlightbox%26settings%3DeyJpZCI6MTI5OCwidXJsIjoiaHR0cHM6XC9cL2N1ZXJvc2RlbHN1ci5jb20uYXJcL3dwLWNvbnRlbnRcL3VwbG9hZHNcLzIwMjVcLzA2XC9DQU1JU0EtSkVBTi1DT04tQ0lFUlJFLTIuanBlZyIsInNsaWRlc2hvdyI6ImRmNDYyZDEifQ%3D%3D\" href='https:\/\/cuerosdelsur.com.ar\/wp-content\/uploads\/2025\/06\/CAMISA-JEAN-CON-CIERRE-2.jpeg'><img decoding=\"async\" width=\"1080\" height=\"1080\" src=\"https:\/\/cuerosdelsur.com.ar\/wp-content\/uploads\/2025\/06\/CAMISA-JEAN-CON-CIERRE-2.jpeg\" class=\"attachment-full size-full\" alt=\"\" srcset=\"https:\/\/cuerosdelsur.com.ar\/wp-content\/uploads\/2025\/06\/CAMISA-JEAN-CON-CIERRE-2.jpeg 1080w, https:\/\/cuerosdelsur.com.ar\/wp-content\/uploads\/2025\/06\/CAMISA-JEAN-CON-CIERRE-2-300x300.jpeg 300w, https:\/\/cuerosdelsur.com.ar\/wp-content\/uploads\/2025\/06\/CAMISA-JEAN-CON-CIERRE-2-1024x1024.jpeg 1024w, https:\/\/cuerosdelsur.com.ar\/wp-content\/uploads\/2025\/06\/CAMISA-JEAN-CON-CIERRE-2-150x150.jpeg 150w, https:\/\/cuerosdelsur.com.ar\/wp-content\/uploads\/2025\/06\/CAMISA-JEAN-CON-CIERRE-2-768x768.jpeg 768w, https:\/\/cuerosdelsur.com.ar\/wp-content\/uploads\/2025\/06\/CAMISA-JEAN-CON-CIERRE-2-12x12.jpeg 12w\" sizes=\"(max-width: 1080px) 100vw, 1080px\" \/><\/a>\n\t\t\t<\/div><\/figure><figure class='gallery-item'>\n\t\t\t<div class='gallery-icon landscape'>\n\t\t\t\t<a data-elementor-open-lightbox=\"yes\" data-elementor-lightbox-slideshow=\"df462d1\" data-e-action-hash=\"#elementor-action%3Aaction%3Dlightbox%26settings%3DeyJpZCI6MTI5NywidXJsIjoiaHR0cHM6XC9cL2N1ZXJvc2RlbHN1ci5jb20uYXJcL3dwLWNvbnRlbnRcL3VwbG9hZHNcLzIwMjVcLzA2XC9DQU1JU0EtSkVBTi1DT04tQ0lFUlJFLTMuanBlZyIsInNsaWRlc2hvdyI6ImRmNDYyZDEifQ%3D%3D\" href='https:\/\/cuerosdelsur.com.ar\/wp-content\/uploads\/2025\/06\/CAMISA-JEAN-CON-CIERRE-3.jpeg'><img loading=\"lazy\" decoding=\"async\" width=\"1080\" height=\"1080\" src=\"https:\/\/cuerosdelsur.com.ar\/wp-content\/uploads\/2025\/06\/CAMISA-JEAN-CON-CIERRE-3.jpeg\" class=\"attachment-full size-full\" alt=\"\" srcset=\"https:\/\/cuerosdelsur.com.ar\/wp-content\/uploads\/2025\/06\/CAMISA-JEAN-CON-CIERRE-3.jpeg 1080w, https:\/\/cuerosdelsur.com.ar\/wp-content\/uploads\/2025\/06\/CAMISA-JEAN-CON-CIERRE-3-300x300.jpeg 300w, https:\/\/cuerosdelsur.com.ar\/wp-content\/uploads\/2025\/06\/CAMISA-JEAN-CON-CIERRE-3-1024x1024.jpeg 1024w, https:\/\/cuerosdelsur.com.ar\/wp-content\/uploads\/2025\/06\/CAMISA-JEAN-CON-CIERRE-3-150x150.jpeg 150w, https:\/\/cuerosdelsur.com.ar\/wp-content\/uploads\/2025\/06\/CAMISA-JEAN-CON-CIERRE-3-768x768.jpeg 768w, https:\/\/cuerosdelsur.com.ar\/wp-content\/uploads\/2025\/06\/CAMISA-JEAN-CON-CIERRE-3-12x12.jpeg 12w\" sizes=\"(max-width: 1080px) 100vw, 1080px\" \/><\/a>\n\t\t\t<\/div><\/figure><figure class='gallery-item'>\n\t\t\t<div class='gallery-icon landscape'>\n\t\t\t\t<a data-elementor-open-lightbox=\"yes\" data-elementor-lightbox-slideshow=\"df462d1\" data-e-action-hash=\"#elementor-action%3Aaction%3Dlightbox%26settings%3DeyJpZCI6MTI5NiwidXJsIjoiaHR0cHM6XC9cL2N1ZXJvc2RlbHN1ci5jb20uYXJcL3dwLWNvbnRlbnRcL3VwbG9hZHNcLzIwMjVcLzA2XC9DQU1JU0EtSkVBTi1DT04tQ0lFUlJFLTQuanBlZyIsInNsaWRlc2hvdyI6ImRmNDYyZDEifQ%3D%3D\" href='https:\/\/cuerosdelsur.com.ar\/wp-content\/uploads\/2025\/06\/CAMISA-JEAN-CON-CIERRE-4.jpeg'><img loading=\"lazy\" decoding=\"async\" width=\"1080\" height=\"1080\" src=\"https:\/\/cuerosdelsur.com.ar\/wp-content\/uploads\/2025\/06\/CAMISA-JEAN-CON-CIERRE-4.jpeg\" class=\"attachment-full size-full\" alt=\"\" srcset=\"https:\/\/cuerosdelsur.com.ar\/wp-content\/uploads\/2025\/06\/CAMISA-JEAN-CON-CIERRE-4.jpeg 1080w, https:\/\/cuerosdelsur.com.ar\/wp-content\/uploads\/2025\/06\/CAMISA-JEAN-CON-CIERRE-4-300x300.jpeg 300w, https:\/\/cuerosdelsur.com.ar\/wp-content\/uploads\/2025\/06\/CAMISA-JEAN-CON-CIERRE-4-1024x1024.jpeg 1024w, https:\/\/cuerosdelsur.com.ar\/wp-content\/uploads\/2025\/06\/CAMISA-JEAN-CON-CIERRE-4-150x150.jpeg 150w, https:\/\/cuerosdelsur.com.ar\/wp-content\/uploads\/2025\/06\/CAMISA-JEAN-CON-CIERRE-4-768x768.jpeg 768w, https:\/\/cuerosdelsur.com.ar\/wp-content\/uploads\/2025\/06\/CAMISA-JEAN-CON-CIERRE-4-12x12.jpeg 12w\" sizes=\"(max-width: 1080px) 100vw, 1080px\" \/><\/a>\n\t\t\t<\/div><\/figure><figure class='gallery-item'>\n\t\t\t<div class='gallery-icon landscape'>\n\t\t\t\t<a data-elementor-open-lightbox=\"yes\" data-elementor-lightbox-slideshow=\"df462d1\" data-e-action-hash=\"#elementor-action%3Aaction%3Dlightbox%26settings%3DeyJpZCI6MTI5NSwidXJsIjoiaHR0cHM6XC9cL2N1ZXJvc2RlbHN1ci5jb20uYXJcL3dwLWNvbnRlbnRcL3VwbG9hZHNcLzIwMjVcLzA2XC9DQU1JU0EtSkVBTi1DT04tQ0lFUlJFLTUuanBlZyIsInNsaWRlc2hvdyI6ImRmNDYyZDEifQ%3D%3D\" href='https:\/\/cuerosdelsur.com.ar\/wp-content\/uploads\/2025\/06\/CAMISA-JEAN-CON-CIERRE-5.jpeg'><img loading=\"lazy\" decoding=\"async\" width=\"1080\" height=\"1080\" src=\"https:\/\/cuerosdelsur.com.ar\/wp-content\/uploads\/2025\/06\/CAMISA-JEAN-CON-CIERRE-5.jpeg\" class=\"attachment-full size-full\" alt=\"\" srcset=\"https:\/\/cuerosdelsur.com.ar\/wp-content\/uploads\/2025\/06\/CAMISA-JEAN-CON-CIERRE-5.jpeg 1080w, https:\/\/cuerosdelsur.com.ar\/wp-content\/uploads\/2025\/06\/CAMISA-JEAN-CON-CIERRE-5-300x300.jpeg 300w, https:\/\/cuerosdelsur.com.ar\/wp-content\/uploads\/2025\/06\/CAMISA-JEAN-CON-CIERRE-5-1024x1024.jpeg 1024w, https:\/\/cuerosdelsur.com.ar\/wp-content\/uploads\/2025\/06\/CAMISA-JEAN-CON-CIERRE-5-150x150.jpeg 150w, https:\/\/cuerosdelsur.com.ar\/wp-content\/uploads\/2025\/06\/CAMISA-JEAN-CON-CIERRE-5-768x768.jpeg 768w, https:\/\/cuerosdelsur.com.ar\/wp-content\/uploads\/2025\/06\/CAMISA-JEAN-CON-CIERRE-5-12x12.jpeg 12w\" sizes=\"(max-width: 1080px) 100vw, 1080px\" \/><\/a>\n\t\t\t<\/div><\/figure><figure class='gallery-item'>\n\t\t\t<div class='gallery-icon landscape'>\n\t\t\t\t<a data-elementor-open-lightbox=\"yes\" data-elementor-lightbox-slideshow=\"df462d1\" data-e-action-hash=\"#elementor-action%3Aaction%3Dlightbox%26settings%3DeyJpZCI6MTI5NCwidXJsIjoiaHR0cHM6XC9cL2N1ZXJvc2RlbHN1ci5jb20uYXJcL3dwLWNvbnRlbnRcL3VwbG9hZHNcLzIwMjVcLzA2XC9DQU1JU0EtSkVBTi1DT04tQ0lFUlJFLTYuanBlZyIsInNsaWRlc2hvdyI6ImRmNDYyZDEifQ%3D%3D\" href='https:\/\/cuerosdelsur.com.ar\/wp-content\/uploads\/2025\/06\/CAMISA-JEAN-CON-CIERRE-6.jpeg'><img loading=\"lazy\" decoding=\"async\" width=\"1080\" height=\"1080\" src=\"https:\/\/cuerosdelsur.com.ar\/wp-content\/uploads\/2025\/06\/CAMISA-JEAN-CON-CIERRE-6.jpeg\" class=\"attachment-full size-full\" alt=\"\" srcset=\"https:\/\/cuerosdelsur.com.ar\/wp-content\/uploads\/2025\/06\/CAMISA-JEAN-CON-CIERRE-6.jpeg 1080w, https:\/\/cuerosdelsur.com.ar\/wp-content\/uploads\/2025\/06\/CAMISA-JEAN-CON-CIERRE-6-300x300.jpeg 300w, https:\/\/cuerosdelsur.com.ar\/wp-content\/uploads\/2025\/06\/CAMISA-JEAN-CON-CIERRE-6-1024x1024.jpeg 1024w, https:\/\/cuerosdelsur.com.ar\/wp-content\/uploads\/2025\/06\/CAMISA-JEAN-CON-CIERRE-6-150x150.jpeg 150w, https:\/\/cuerosdelsur.com.ar\/wp-content\/uploads\/2025\/06\/CAMISA-JEAN-CON-CIERRE-6-768x768.jpeg 768w, https:\/\/cuerosdelsur.com.ar\/wp-content\/uploads\/2025\/06\/CAMISA-JEAN-CON-CIERRE-6-12x12.jpeg 12w\" sizes=\"(max-width: 1080px) 100vw, 1080px\" \/><\/a>\n\t\t\t<\/div><\/figure>\n\t\t<\/div>\n\t\t<\/div>\n\t\t\t\t\t\t<\/div>\n\t\t\t\t<\/div>\n\t\t\t\t<\/div>\n\t\t\t\t<\/div>\n\t\t\t\t<\/div>\n\t\t<div class=\"elementor-element elementor-element-dc2eac4 e-con-full e-flex e-con e-child\" data-id=\"dc2eac4\" data-element_type=\"container\" data-e-type=\"container\">\n\t\t\t\t<div class=\"elementor-element elementor-element-52efd6a elementor-widget elementor-widget-text-editor\" data-id=\"52efd6a\" data-element_type=\"widget\" data-e-type=\"widget\" data-widget_type=\"text-editor.default\">\n\t\t\t\t<div class=\"elementor-widget-container\">\n\t\t\t\t\t\t\t\t\t<p>Para trabalhos de solda ou qualquer outro trabalho. Apresentamos nossa camisa de soldador jeans com z\u00edper, fechos de metal e velcro, projetada com materiais de alta resist\u00eancia: retardante de chamas (jeans). Nossa pe\u00e7a de vestu\u00e1rio \u00e9 uma op\u00e7\u00e3o fresca e confort\u00e1vel, ideal para trabalhos internos e externos. Sua durabilidade \u00e9 garantida, adaptando-se \u00e0s demandas mais intensas do trabalho de soldagem.<br \/>Costura dupla para maior resist\u00eancia.<\/p>\t\t\t\t\t\t\t\t<\/div>\n\t\t\t\t<\/div>\n\t\t\t\t<div class=\"elementor-element elementor-element-998a146 elementor-mobile-align-center elementor-widget elementor-widget-button\" data-id=\"998a146\" data-element_type=\"widget\" data-e-type=\"widget\" data-widget_type=\"button.default\">\n\t\t\t\t<div class=\"elementor-widget-container\">\n\t\t\t\t\t\t\t\t\t<div class=\"elementor-button-wrapper\">\n\t\t\t\t\t<a class=\"elementor-button elementor-button-link elementor-size-sm\" href=\"https:\/\/wa.me\/+541156204834\" target=\"_blank\" rel=\"noopener\">\n\t\t\t\t\t\t<span class=\"elementor-button-content-wrapper\">\n\t\t\t\t\t\t\t\t\t<span class=\"elementor-button-text\">Consultar por Whatsapp<\/span>\n\t\t\t\t\t<\/span>\n\t\t\t\t\t<\/a>\n\t\t\t\t<\/div>\n\t\t\t\t\t\t\t\t<\/div>\n\t\t\t\t<\/div>\n\t\t\t\t<\/div>\n\t\t\t\t\t<\/div>\n\t\t\t\t<\/div>\n\t\t<div class=\"elementor-element elementor-element-574621c3 e-flex e-con-boxed e-con e-parent\" data-id=\"574621c3\" data-element_type=\"container\" data-e-type=\"container\">\n\t\t\t\t\t<div class=\"e-con-inner\">\n\t\t<div class=\"elementor-element elementor-element-6dd5ec92 e-con-full e-flex e-con e-child\" data-id=\"6dd5ec92\" data-element_type=\"container\" data-e-type=\"container\">\n\t\t\t\t<div class=\"elementor-element elementor-element-6fcc4d43 elementor-widget elementor-widget-button\" data-id=\"6fcc4d43\" data-element_type=\"widget\" data-e-type=\"widget\" data-widget_type=\"button.default\">\n\t\t\t\t<div class=\"elementor-widget-container\">\n\t\t\t\t\t\t\t\t\t<div class=\"elementor-button-wrapper\">\n\t\t\t\t\t<a class=\"elementor-button elementor-button-link elementor-size-sm\" href=\"https:\/\/cuerosdelsur.com.ar\/camisa-soldador-vaqueta-negra\">\n\t\t\t\t\t\t<span class=\"elementor-button-content-wrapper\">\n\t\t\t\t\t\t<span class=\"elementor-button-icon\">\n\t\t\t\t<i aria-hidden=\"true\" class=\"rtmicon rtmicon-chevron-left\"><\/i>\t\t\t<\/span>\n\t\t\t\t\t\t\t\t\t<span class=\"elementor-button-text\">Camisa de soldador de couro de vaca<\/span>\n\t\t\t\t\t<\/span>\n\t\t\t\t\t<\/a>\n\t\t\t\t<\/div>\n\t\t\t\t\t\t\t\t<\/div>\n\t\t\t\t<\/div>\n\t\t\t\t<div class=\"elementor-element elementor-element-c01bca9 elementor-widget elementor-widget-button\" data-id=\"c01bca9\" data-element_type=\"widget\" data-e-type=\"widget\" data-widget_type=\"button.default\">\n\t\t\t\t<div class=\"elementor-widget-container\">\n\t\t\t\t\t\t\t\t\t<div class=\"elementor-button-wrapper\">\n\t\t\t\t\t<a class=\"elementor-button elementor-button-link elementor-size-sm\" href=\"https:\/\/cuerosdelsur.com.ar\/camisa-soldador-combinada-negra\/\">\n\t\t\t\t\t\t<span class=\"elementor-button-content-wrapper\">\n\t\t\t\t\t\t<span class=\"elementor-button-icon\">\n\t\t\t\t<i aria-hidden=\"true\" class=\"rtmicon rtmicon-chevron-right\"><\/i>\t\t\t<\/span>\n\t\t\t\t\t\t\t\t\t<span class=\"elementor-button-text\">Camisa de soldador combinada<\/span>\n\t\t\t\t\t<\/span>\n\t\t\t\t\t<\/a>\n\t\t\t\t<\/div>\n\t\t\t\t\t\t\t\t<\/div>\n\t\t\t\t<\/div>\n\t\t\t\t<\/div>\n\t\t\t\t\t<\/div>\n\t\t\t\t<\/div>\n\t\t\t\t<\/div>","protected":false},"excerpt":{"rendered":"<p>Inicio \/ Nuestros productos \/ CAMISA JEAN CON CIERRE Para el trabajo de soldadura o trabajos a fines. Presentamos nuestra camisa soldador jean con cierre, broches metalicos y velcro, dise\u00f1ada con materiales de alta resistencia: ign\u00edfugos (jean). Nuestra prenda es una opci\u00f3n fresca y c\u00f3moda, ideal tanto para trabajos en espacios cerrados como al aire [&hellip;]<\/p>","protected":false},"author":2,"featured_media":0,"comment_status":"closed","ping_status":"closed","sticky":false,"template":"","format":"standard","meta":{"footnotes":""},"categories":[1],"tags":[],"class_list":["post-1290","post","type-post","status-publish","format-standard","hentry","category-uncategorized"],"_links":{"self":[{"href":"https:\/\/cuerosdelsur.com.ar\/pt\/wp-json\/wp\/v2\/posts\/1290","targetHints":{"allow":["GET"]}}],"collection":[{"href":"https:\/\/cuerosdelsur.com.ar\/pt\/wp-json\/wp\/v2\/posts"}],"about":[{"href":"https:\/\/cuerosdelsur.com.ar\/pt\/wp-json\/wp\/v2\/types\/post"}],"author":[{"embeddable":true,"href":"https:\/\/cuerosdelsur.com.ar\/pt\/wp-json\/wp\/v2\/users\/2"}],"replies":[{"embeddable":true,"href":"https:\/\/cuerosdelsur.com.ar\/pt\/wp-json\/wp\/v2\/comments?post=1290"}],"version-history":[{"count":25,"href":"https:\/\/cuerosdelsur.com.ar\/pt\/wp-json\/wp\/v2\/posts\/1290\/revisions"}],"predecessor-version":[{"id":1352,"href":"https:\/\/cuerosdelsur.com.ar\/pt\/wp-json\/wp\/v2\/posts\/1290\/revisions\/1352"}],"wp:attachment":[{"href":"https:\/\/cuerosdelsur.com.ar\/pt\/wp-json\/wp\/v2\/media?parent=1290"}],"wp:term":[{"taxonomy":"category","embeddable":true,"href":"https:\/\/cuerosdelsur.com.ar\/pt\/wp-json\/wp\/v2\/categories?post=1290"},{"taxonomy":"post_tag","embeddable":true,"href":"https:\/\/cuerosdelsur.com.ar\/pt\/wp-json\/wp\/v2\/tags?post=1290"}],"curies":[{"name":"wp","href":"https:\/\/api.w.org\/{rel}","templated":true}]}}