{"id":812,"date":"2025-02-25T21:16:07","date_gmt":"2025-02-25T21:16:07","guid":{"rendered":"https:\/\/cuerosdelsur.com.ar\/?p=812"},"modified":"2025-02-26T18:03:42","modified_gmt":"2025-02-26T18:03:42","slug":"delantal-soldador-vaqueta-reforzado","status":"publish","type":"post","link":"https:\/\/cuerosdelsur.com.ar\/it\/delantal-soldador-vaqueta-reforzado\/","title":{"rendered":"GREMBIULE DA SALDATURA IN PELLE BOVINA RINFORZATA"},"content":{"rendered":"<div data-elementor-type=\"wp-post\" data-elementor-id=\"812\" class=\"elementor elementor-812\" data-elementor-post-type=\"post\">\n\t\t\t\t<div class=\"elementor-element elementor-element-2faa05f e-flex e-con-boxed e-con e-parent\" data-id=\"2faa05f\" data-element_type=\"container\" data-e-type=\"container\" data-settings=\"{&quot;background_background&quot;:&quot;classic&quot;}\">\n\t\t\t\t\t<div class=\"e-con-inner\">\n\t\t<div class=\"elementor-element elementor-element-cfc48a7 e-con-full e-flex e-con e-child\" data-id=\"cfc48a7\" data-element_type=\"container\" data-e-type=\"container\">\n\t\t\t\t<div class=\"elementor-element elementor-element-01becdc elementor-widget elementor-widget-heading\" data-id=\"01becdc\" data-element_type=\"widget\" data-e-type=\"widget\" data-widget_type=\"heading.default\">\n\t\t\t\t<div class=\"elementor-widget-container\">\n\t\t\t\t\t<h1 class=\"elementor-heading-title elementor-size-default\">GREMBIULE DA SALDATURA IN PELLE BOVINA RINFORZATA<\/h1>\t\t\t\t<\/div>\n\t\t\t\t<\/div>\n\t\t\t\t<div class=\"elementor-element elementor-element-801e6a9 elementor-widget elementor-widget-text-editor\" data-id=\"801e6a9\" data-element_type=\"widget\" data-e-type=\"widget\" data-widget_type=\"text-editor.default\">\n\t\t\t\t<div class=\"elementor-widget-container\">\n\t\t\t\t\t\t\t\t\t<p><a href=\"https:\/\/cuerosdelsur.com.ar\/\">Casa<\/a> \/ I nostri prodotti \/ Gilet di saldatura in pelle bovina rinforzata<\/p>\t\t\t\t\t\t\t\t<\/div>\n\t\t\t\t<\/div>\n\t\t\t\t<\/div>\n\t\t\t\t\t<\/div>\n\t\t\t\t<\/div>\n\t\t<div class=\"elementor-element elementor-element-ae16254 e-flex e-con-boxed e-con e-parent\" data-id=\"ae16254\" data-element_type=\"container\" data-e-type=\"container\">\n\t\t\t\t\t<div class=\"e-con-inner\">\n\t\t<div class=\"elementor-element elementor-element-f5d5479 e-con-full e-flex e-con e-child\" data-id=\"f5d5479\" data-element_type=\"container\" data-e-type=\"container\">\n\t\t<div class=\"elementor-element elementor-element-f38bb35 e-con-full e-flex e-con e-child\" data-id=\"f38bb35\" data-element_type=\"container\" data-e-type=\"container\">\n\t\t\t\t<div class=\"elementor-element elementor-element-73968ee elementor-hidden-tablet elementor-hidden-mobile elementor-widget elementor-widget-image\" data-id=\"73968ee\" data-element_type=\"widget\" data-e-type=\"widget\" data-widget_type=\"image.default\">\n\t\t\t\t<div class=\"elementor-widget-container\">\n\t\t\t\t\t\t\t\t\t\t\t\t\t\t\t\t<a href=\"https:\/\/cuerosdelsur.com.ar\/wp-content\/uploads\/2025\/02\/Delantal-soldador-cuero-vaqueta.jpg\" data-elementor-open-lightbox=\"yes\" data-e-action-hash=\"#elementor-action%3Aaction%3Dlightbox%26settings%3DeyJpZCI6MzYyLCJ1cmwiOiJodHRwczpcL1wvY3Vlcm9zZGVsc3VyLmNvbS5hclwvd3AtY29udGVudFwvdXBsb2Fkc1wvMjAyNVwvMDJcL0RlbGFudGFsLXNvbGRhZG9yLWN1ZXJvLXZhcXVldGEuanBnIn0%3D\">\n\t\t\t\t\t\t\t<img fetchpriority=\"high\" decoding=\"async\" width=\"413\" height=\"413\" src=\"https:\/\/cuerosdelsur.com.ar\/wp-content\/uploads\/2025\/02\/Delantal-soldador-cuero-vaqueta.jpg\" class=\"attachment-large size-large wp-image-362\" alt=\"\" srcset=\"https:\/\/cuerosdelsur.com.ar\/wp-content\/uploads\/2025\/02\/Delantal-soldador-cuero-vaqueta.jpg 413w, https:\/\/cuerosdelsur.com.ar\/wp-content\/uploads\/2025\/02\/Delantal-soldador-cuero-vaqueta-300x300.jpg 300w, https:\/\/cuerosdelsur.com.ar\/wp-content\/uploads\/2025\/02\/Delantal-soldador-cuero-vaqueta-150x150.jpg 150w\" sizes=\"(max-width: 413px) 100vw, 413px\" \/>\t\t\t\t\t\t\t\t<\/a>\n\t\t\t\t\t\t\t\t\t\t\t\t\t\t\t<\/div>\n\t\t\t\t<\/div>\n\t\t<div class=\"elementor-element elementor-element-21e7434 e-con-full e-flex e-con e-child\" data-id=\"21e7434\" data-element_type=\"container\" data-e-type=\"container\">\n\t\t\t\t<div class=\"elementor-element elementor-element-df462d1 gallery-spacing-custom elementor-widget elementor-widget-image-gallery\" data-id=\"df462d1\" data-element_type=\"widget\" data-e-type=\"widget\" data-widget_type=\"image-gallery.default\">\n\t\t\t\t<div class=\"elementor-widget-container\">\n\t\t\t\t\t\t\t<div class=\"elementor-image-gallery\">\n\t\t\t<div id='gallery-1' class='gallery galleryid-812 gallery-columns-4 gallery-size-full'><figure class='gallery-item'>\n\t\t\t<div class='gallery-icon landscape'>\n\t\t\t\t<a data-elementor-open-lightbox=\"yes\" data-elementor-lightbox-slideshow=\"df462d1\" data-e-action-hash=\"#elementor-action%3Aaction%3Dlightbox%26settings%3DeyJpZCI6ODI3LCJ1cmwiOiJodHRwczpcL1wvY3Vlcm9zZGVsc3VyLmNvbS5hclwvd3AtY29udGVudFwvdXBsb2Fkc1wvMjAyNVwvMDJcL2RlbGFudGFsX3NvbGRhZG9yX3ZhcXVldGFfcmVmb3J6YWRvXzMuanBlZyIsInNsaWRlc2hvdyI6ImRmNDYyZDEifQ%3D%3D\" href='https:\/\/cuerosdelsur.com.ar\/wp-content\/uploads\/2025\/02\/delantal_soldador_vaqueta_reforzado_3.jpeg'><img decoding=\"async\" width=\"1920\" height=\"1920\" src=\"https:\/\/cuerosdelsur.com.ar\/wp-content\/uploads\/2025\/02\/delantal_soldador_vaqueta_reforzado_3.jpeg\" class=\"attachment-full size-full\" alt=\"\" srcset=\"https:\/\/cuerosdelsur.com.ar\/wp-content\/uploads\/2025\/02\/delantal_soldador_vaqueta_reforzado_3.jpeg 1920w, https:\/\/cuerosdelsur.com.ar\/wp-content\/uploads\/2025\/02\/delantal_soldador_vaqueta_reforzado_3-300x300.jpeg 300w, https:\/\/cuerosdelsur.com.ar\/wp-content\/uploads\/2025\/02\/delantal_soldador_vaqueta_reforzado_3-1024x1024.jpeg 1024w, https:\/\/cuerosdelsur.com.ar\/wp-content\/uploads\/2025\/02\/delantal_soldador_vaqueta_reforzado_3-150x150.jpeg 150w, https:\/\/cuerosdelsur.com.ar\/wp-content\/uploads\/2025\/02\/delantal_soldador_vaqueta_reforzado_3-768x768.jpeg 768w, https:\/\/cuerosdelsur.com.ar\/wp-content\/uploads\/2025\/02\/delantal_soldador_vaqueta_reforzado_3-1536x1536.jpeg 1536w, https:\/\/cuerosdelsur.com.ar\/wp-content\/uploads\/2025\/02\/delantal_soldador_vaqueta_reforzado_3-12x12.jpeg 12w\" sizes=\"(max-width: 1920px) 100vw, 1920px\" \/><\/a>\n\t\t\t<\/div><\/figure><figure class='gallery-item'>\n\t\t\t<div class='gallery-icon portrait'>\n\t\t\t\t<a data-elementor-open-lightbox=\"yes\" data-elementor-lightbox-slideshow=\"df462d1\" data-e-action-hash=\"#elementor-action%3Aaction%3Dlightbox%26settings%3DeyJpZCI6ODI1LCJ1cmwiOiJodHRwczpcL1wvY3Vlcm9zZGVsc3VyLmNvbS5hclwvd3AtY29udGVudFwvdXBsb2Fkc1wvMjAyNVwvMDJcL2RlbGFudGFsX3NvbGRhZG9yX3ZhcXVldGFfcmVmb3J6YWRvXzEuanBlZyIsInNsaWRlc2hvdyI6ImRmNDYyZDEifQ%3D%3D\" href='https:\/\/cuerosdelsur.com.ar\/wp-content\/uploads\/2025\/02\/delantal_soldador_vaqueta_reforzado_1.jpeg'><img decoding=\"async\" width=\"1290\" height=\"1526\" src=\"https:\/\/cuerosdelsur.com.ar\/wp-content\/uploads\/2025\/02\/delantal_soldador_vaqueta_reforzado_1.jpeg\" class=\"attachment-full size-full\" alt=\"\" srcset=\"https:\/\/cuerosdelsur.com.ar\/wp-content\/uploads\/2025\/02\/delantal_soldador_vaqueta_reforzado_1.jpeg 1290w, https:\/\/cuerosdelsur.com.ar\/wp-content\/uploads\/2025\/02\/delantal_soldador_vaqueta_reforzado_1-254x300.jpeg 254w, https:\/\/cuerosdelsur.com.ar\/wp-content\/uploads\/2025\/02\/delantal_soldador_vaqueta_reforzado_1-866x1024.jpeg 866w, https:\/\/cuerosdelsur.com.ar\/wp-content\/uploads\/2025\/02\/delantal_soldador_vaqueta_reforzado_1-768x909.jpeg 768w, https:\/\/cuerosdelsur.com.ar\/wp-content\/uploads\/2025\/02\/delantal_soldador_vaqueta_reforzado_1-10x12.jpeg 10w\" sizes=\"(max-width: 1290px) 100vw, 1290px\" \/><\/a>\n\t\t\t<\/div><\/figure><figure class='gallery-item'>\n\t\t\t<div class='gallery-icon portrait'>\n\t\t\t\t<a data-elementor-open-lightbox=\"yes\" data-elementor-lightbox-slideshow=\"df462d1\" data-e-action-hash=\"#elementor-action%3Aaction%3Dlightbox%26settings%3DeyJpZCI6ODI2LCJ1cmwiOiJodHRwczpcL1wvY3Vlcm9zZGVsc3VyLmNvbS5hclwvd3AtY29udGVudFwvdXBsb2Fkc1wvMjAyNVwvMDJcL2RlbGFudGFsX3NvbGRhZG9yX3ZhcXVldGFfcmVmb3J6YWRvXzIuanBlZyIsInNsaWRlc2hvdyI6ImRmNDYyZDEifQ%3D%3D\" href='https:\/\/cuerosdelsur.com.ar\/wp-content\/uploads\/2025\/02\/delantal_soldador_vaqueta_reforzado_2.jpeg'><img loading=\"lazy\" decoding=\"async\" width=\"1290\" height=\"1529\" src=\"https:\/\/cuerosdelsur.com.ar\/wp-content\/uploads\/2025\/02\/delantal_soldador_vaqueta_reforzado_2.jpeg\" class=\"attachment-full size-full\" alt=\"\" srcset=\"https:\/\/cuerosdelsur.com.ar\/wp-content\/uploads\/2025\/02\/delantal_soldador_vaqueta_reforzado_2.jpeg 1290w, https:\/\/cuerosdelsur.com.ar\/wp-content\/uploads\/2025\/02\/delantal_soldador_vaqueta_reforzado_2-253x300.jpeg 253w, https:\/\/cuerosdelsur.com.ar\/wp-content\/uploads\/2025\/02\/delantal_soldador_vaqueta_reforzado_2-864x1024.jpeg 864w, https:\/\/cuerosdelsur.com.ar\/wp-content\/uploads\/2025\/02\/delantal_soldador_vaqueta_reforzado_2-768x910.jpeg 768w, https:\/\/cuerosdelsur.com.ar\/wp-content\/uploads\/2025\/02\/delantal_soldador_vaqueta_reforzado_2-10x12.jpeg 10w\" sizes=\"(max-width: 1290px) 100vw, 1290px\" \/><\/a>\n\t\t\t<\/div><\/figure><figure class='gallery-item'>\n\t\t\t<div class='gallery-icon landscape'>\n\t\t\t\t<a data-elementor-open-lightbox=\"yes\" data-elementor-lightbox-slideshow=\"df462d1\" data-e-action-hash=\"#elementor-action%3Aaction%3Dlightbox%26settings%3DeyJpZCI6ODM0LCJ1cmwiOiJodHRwczpcL1wvY3Vlcm9zZGVsc3VyLmNvbS5hclwvd3AtY29udGVudFwvdXBsb2Fkc1wvMjAyNVwvMDJcL2RlbGFudGFsX3NvbGRhZG9yX3ZhcXVldGFfcmVmb3J6YWRvXzEwLmpwZWciLCJzbGlkZXNob3ciOiJkZjQ2MmQxIn0%3D\" href='https:\/\/cuerosdelsur.com.ar\/wp-content\/uploads\/2025\/02\/delantal_soldador_vaqueta_reforzado_10.jpeg'><img loading=\"lazy\" decoding=\"async\" width=\"1920\" height=\"1920\" src=\"https:\/\/cuerosdelsur.com.ar\/wp-content\/uploads\/2025\/02\/delantal_soldador_vaqueta_reforzado_10.jpeg\" class=\"attachment-full size-full\" alt=\"\" srcset=\"https:\/\/cuerosdelsur.com.ar\/wp-content\/uploads\/2025\/02\/delantal_soldador_vaqueta_reforzado_10.jpeg 1920w, https:\/\/cuerosdelsur.com.ar\/wp-content\/uploads\/2025\/02\/delantal_soldador_vaqueta_reforzado_10-300x300.jpeg 300w, https:\/\/cuerosdelsur.com.ar\/wp-content\/uploads\/2025\/02\/delantal_soldador_vaqueta_reforzado_10-1024x1024.jpeg 1024w, https:\/\/cuerosdelsur.com.ar\/wp-content\/uploads\/2025\/02\/delantal_soldador_vaqueta_reforzado_10-150x150.jpeg 150w, https:\/\/cuerosdelsur.com.ar\/wp-content\/uploads\/2025\/02\/delantal_soldador_vaqueta_reforzado_10-768x768.jpeg 768w, https:\/\/cuerosdelsur.com.ar\/wp-content\/uploads\/2025\/02\/delantal_soldador_vaqueta_reforzado_10-1536x1536.jpeg 1536w, https:\/\/cuerosdelsur.com.ar\/wp-content\/uploads\/2025\/02\/delantal_soldador_vaqueta_reforzado_10-12x12.jpeg 12w\" sizes=\"(max-width: 1920px) 100vw, 1920px\" \/><\/a>\n\t\t\t<\/div><\/figure><figure class='gallery-item'>\n\t\t\t<div class='gallery-icon landscape'>\n\t\t\t\t<a data-elementor-open-lightbox=\"yes\" data-elementor-lightbox-slideshow=\"df462d1\" data-e-action-hash=\"#elementor-action%3Aaction%3Dlightbox%26settings%3DeyJpZCI6ODI4LCJ1cmwiOiJodHRwczpcL1wvY3Vlcm9zZGVsc3VyLmNvbS5hclwvd3AtY29udGVudFwvdXBsb2Fkc1wvMjAyNVwvMDJcL2RlbGFudGFsX3NvbGRhZG9yX3ZhcXVldGFfcmVmb3J6YWRvXzQuanBlZyIsInNsaWRlc2hvdyI6ImRmNDYyZDEifQ%3D%3D\" href='https:\/\/cuerosdelsur.com.ar\/wp-content\/uploads\/2025\/02\/delantal_soldador_vaqueta_reforzado_4.jpeg'><img loading=\"lazy\" decoding=\"async\" width=\"1920\" height=\"1920\" src=\"https:\/\/cuerosdelsur.com.ar\/wp-content\/uploads\/2025\/02\/delantal_soldador_vaqueta_reforzado_4.jpeg\" class=\"attachment-full size-full\" alt=\"\" srcset=\"https:\/\/cuerosdelsur.com.ar\/wp-content\/uploads\/2025\/02\/delantal_soldador_vaqueta_reforzado_4.jpeg 1920w, https:\/\/cuerosdelsur.com.ar\/wp-content\/uploads\/2025\/02\/delantal_soldador_vaqueta_reforzado_4-300x300.jpeg 300w, https:\/\/cuerosdelsur.com.ar\/wp-content\/uploads\/2025\/02\/delantal_soldador_vaqueta_reforzado_4-1024x1024.jpeg 1024w, https:\/\/cuerosdelsur.com.ar\/wp-content\/uploads\/2025\/02\/delantal_soldador_vaqueta_reforzado_4-150x150.jpeg 150w, https:\/\/cuerosdelsur.com.ar\/wp-content\/uploads\/2025\/02\/delantal_soldador_vaqueta_reforzado_4-768x768.jpeg 768w, https:\/\/cuerosdelsur.com.ar\/wp-content\/uploads\/2025\/02\/delantal_soldador_vaqueta_reforzado_4-1536x1536.jpeg 1536w, https:\/\/cuerosdelsur.com.ar\/wp-content\/uploads\/2025\/02\/delantal_soldador_vaqueta_reforzado_4-12x12.jpeg 12w\" sizes=\"(max-width: 1920px) 100vw, 1920px\" \/><\/a>\n\t\t\t<\/div><\/figure><figure class='gallery-item'>\n\t\t\t<div class='gallery-icon landscape'>\n\t\t\t\t<a data-elementor-open-lightbox=\"yes\" data-elementor-lightbox-slideshow=\"df462d1\" data-e-action-hash=\"#elementor-action%3Aaction%3Dlightbox%26settings%3DeyJpZCI6ODI5LCJ1cmwiOiJodHRwczpcL1wvY3Vlcm9zZGVsc3VyLmNvbS5hclwvd3AtY29udGVudFwvdXBsb2Fkc1wvMjAyNVwvMDJcL2RlbGFudGFsX3NvbGRhZG9yX3ZhcXVldGFfcmVmb3J6YWRvXzUuanBlZyIsInNsaWRlc2hvdyI6ImRmNDYyZDEifQ%3D%3D\" href='https:\/\/cuerosdelsur.com.ar\/wp-content\/uploads\/2025\/02\/delantal_soldador_vaqueta_reforzado_5.jpeg'><img loading=\"lazy\" decoding=\"async\" width=\"1920\" height=\"1920\" src=\"https:\/\/cuerosdelsur.com.ar\/wp-content\/uploads\/2025\/02\/delantal_soldador_vaqueta_reforzado_5.jpeg\" class=\"attachment-full size-full\" alt=\"\" srcset=\"https:\/\/cuerosdelsur.com.ar\/wp-content\/uploads\/2025\/02\/delantal_soldador_vaqueta_reforzado_5.jpeg 1920w, https:\/\/cuerosdelsur.com.ar\/wp-content\/uploads\/2025\/02\/delantal_soldador_vaqueta_reforzado_5-300x300.jpeg 300w, https:\/\/cuerosdelsur.com.ar\/wp-content\/uploads\/2025\/02\/delantal_soldador_vaqueta_reforzado_5-1024x1024.jpeg 1024w, https:\/\/cuerosdelsur.com.ar\/wp-content\/uploads\/2025\/02\/delantal_soldador_vaqueta_reforzado_5-150x150.jpeg 150w, https:\/\/cuerosdelsur.com.ar\/wp-content\/uploads\/2025\/02\/delantal_soldador_vaqueta_reforzado_5-768x768.jpeg 768w, https:\/\/cuerosdelsur.com.ar\/wp-content\/uploads\/2025\/02\/delantal_soldador_vaqueta_reforzado_5-1536x1536.jpeg 1536w, https:\/\/cuerosdelsur.com.ar\/wp-content\/uploads\/2025\/02\/delantal_soldador_vaqueta_reforzado_5-12x12.jpeg 12w\" sizes=\"(max-width: 1920px) 100vw, 1920px\" \/><\/a>\n\t\t\t<\/div><\/figure><figure class='gallery-item'>\n\t\t\t<div class='gallery-icon landscape'>\n\t\t\t\t<a data-elementor-open-lightbox=\"yes\" data-elementor-lightbox-slideshow=\"df462d1\" data-e-action-hash=\"#elementor-action%3Aaction%3Dlightbox%26settings%3DeyJpZCI6ODMwLCJ1cmwiOiJodHRwczpcL1wvY3Vlcm9zZGVsc3VyLmNvbS5hclwvd3AtY29udGVudFwvdXBsb2Fkc1wvMjAyNVwvMDJcL2RlbGFudGFsX3NvbGRhZG9yX3ZhcXVldGFfcmVmb3J6YWRvXzYuanBlZyIsInNsaWRlc2hvdyI6ImRmNDYyZDEifQ%3D%3D\" href='https:\/\/cuerosdelsur.com.ar\/wp-content\/uploads\/2025\/02\/delantal_soldador_vaqueta_reforzado_6.jpeg'><img loading=\"lazy\" decoding=\"async\" width=\"1902\" height=\"1902\" src=\"https:\/\/cuerosdelsur.com.ar\/wp-content\/uploads\/2025\/02\/delantal_soldador_vaqueta_reforzado_6.jpeg\" class=\"attachment-full size-full\" alt=\"\" srcset=\"https:\/\/cuerosdelsur.com.ar\/wp-content\/uploads\/2025\/02\/delantal_soldador_vaqueta_reforzado_6.jpeg 1902w, https:\/\/cuerosdelsur.com.ar\/wp-content\/uploads\/2025\/02\/delantal_soldador_vaqueta_reforzado_6-300x300.jpeg 300w, https:\/\/cuerosdelsur.com.ar\/wp-content\/uploads\/2025\/02\/delantal_soldador_vaqueta_reforzado_6-1024x1024.jpeg 1024w, https:\/\/cuerosdelsur.com.ar\/wp-content\/uploads\/2025\/02\/delantal_soldador_vaqueta_reforzado_6-150x150.jpeg 150w, https:\/\/cuerosdelsur.com.ar\/wp-content\/uploads\/2025\/02\/delantal_soldador_vaqueta_reforzado_6-768x768.jpeg 768w, https:\/\/cuerosdelsur.com.ar\/wp-content\/uploads\/2025\/02\/delantal_soldador_vaqueta_reforzado_6-1536x1536.jpeg 1536w, https:\/\/cuerosdelsur.com.ar\/wp-content\/uploads\/2025\/02\/delantal_soldador_vaqueta_reforzado_6-12x12.jpeg 12w\" sizes=\"(max-width: 1902px) 100vw, 1902px\" \/><\/a>\n\t\t\t<\/div><\/figure><figure class='gallery-item'>\n\t\t\t<div class='gallery-icon landscape'>\n\t\t\t\t<a data-elementor-open-lightbox=\"yes\" data-elementor-lightbox-slideshow=\"df462d1\" data-e-action-hash=\"#elementor-action%3Aaction%3Dlightbox%26settings%3DeyJpZCI6ODMxLCJ1cmwiOiJodHRwczpcL1wvY3Vlcm9zZGVsc3VyLmNvbS5hclwvd3AtY29udGVudFwvdXBsb2Fkc1wvMjAyNVwvMDJcL2RlbGFudGFsX3NvbGRhZG9yX3ZhcXVldGFfcmVmb3J6YWRvXzcuanBlZyIsInNsaWRlc2hvdyI6ImRmNDYyZDEifQ%3D%3D\" href='https:\/\/cuerosdelsur.com.ar\/wp-content\/uploads\/2025\/02\/delantal_soldador_vaqueta_reforzado_7.jpeg'><img loading=\"lazy\" decoding=\"async\" width=\"1920\" height=\"1920\" src=\"https:\/\/cuerosdelsur.com.ar\/wp-content\/uploads\/2025\/02\/delantal_soldador_vaqueta_reforzado_7.jpeg\" class=\"attachment-full size-full\" alt=\"\" srcset=\"https:\/\/cuerosdelsur.com.ar\/wp-content\/uploads\/2025\/02\/delantal_soldador_vaqueta_reforzado_7.jpeg 1920w, https:\/\/cuerosdelsur.com.ar\/wp-content\/uploads\/2025\/02\/delantal_soldador_vaqueta_reforzado_7-300x300.jpeg 300w, https:\/\/cuerosdelsur.com.ar\/wp-content\/uploads\/2025\/02\/delantal_soldador_vaqueta_reforzado_7-1024x1024.jpeg 1024w, https:\/\/cuerosdelsur.com.ar\/wp-content\/uploads\/2025\/02\/delantal_soldador_vaqueta_reforzado_7-150x150.jpeg 150w, https:\/\/cuerosdelsur.com.ar\/wp-content\/uploads\/2025\/02\/delantal_soldador_vaqueta_reforzado_7-768x768.jpeg 768w, https:\/\/cuerosdelsur.com.ar\/wp-content\/uploads\/2025\/02\/delantal_soldador_vaqueta_reforzado_7-1536x1536.jpeg 1536w, https:\/\/cuerosdelsur.com.ar\/wp-content\/uploads\/2025\/02\/delantal_soldador_vaqueta_reforzado_7-12x12.jpeg 12w\" sizes=\"(max-width: 1920px) 100vw, 1920px\" \/><\/a>\n\t\t\t<\/div><\/figure><figure class='gallery-item'>\n\t\t\t<div class='gallery-icon landscape'>\n\t\t\t\t<a data-elementor-open-lightbox=\"yes\" data-elementor-lightbox-slideshow=\"df462d1\" data-e-action-hash=\"#elementor-action%3Aaction%3Dlightbox%26settings%3DeyJpZCI6ODMyLCJ1cmwiOiJodHRwczpcL1wvY3Vlcm9zZGVsc3VyLmNvbS5hclwvd3AtY29udGVudFwvdXBsb2Fkc1wvMjAyNVwvMDJcL2RlbGFudGFsX3NvbGRhZG9yX3ZhcXVldGFfcmVmb3J6YWRvXzguanBlZyIsInNsaWRlc2hvdyI6ImRmNDYyZDEifQ%3D%3D\" href='https:\/\/cuerosdelsur.com.ar\/wp-content\/uploads\/2025\/02\/delantal_soldador_vaqueta_reforzado_8.jpeg'><img loading=\"lazy\" decoding=\"async\" width=\"1920\" height=\"1920\" src=\"https:\/\/cuerosdelsur.com.ar\/wp-content\/uploads\/2025\/02\/delantal_soldador_vaqueta_reforzado_8.jpeg\" class=\"attachment-full size-full\" alt=\"\" srcset=\"https:\/\/cuerosdelsur.com.ar\/wp-content\/uploads\/2025\/02\/delantal_soldador_vaqueta_reforzado_8.jpeg 1920w, https:\/\/cuerosdelsur.com.ar\/wp-content\/uploads\/2025\/02\/delantal_soldador_vaqueta_reforzado_8-300x300.jpeg 300w, https:\/\/cuerosdelsur.com.ar\/wp-content\/uploads\/2025\/02\/delantal_soldador_vaqueta_reforzado_8-1024x1024.jpeg 1024w, https:\/\/cuerosdelsur.com.ar\/wp-content\/uploads\/2025\/02\/delantal_soldador_vaqueta_reforzado_8-150x150.jpeg 150w, https:\/\/cuerosdelsur.com.ar\/wp-content\/uploads\/2025\/02\/delantal_soldador_vaqueta_reforzado_8-768x768.jpeg 768w, https:\/\/cuerosdelsur.com.ar\/wp-content\/uploads\/2025\/02\/delantal_soldador_vaqueta_reforzado_8-1536x1536.jpeg 1536w, https:\/\/cuerosdelsur.com.ar\/wp-content\/uploads\/2025\/02\/delantal_soldador_vaqueta_reforzado_8-12x12.jpeg 12w\" sizes=\"(max-width: 1920px) 100vw, 1920px\" \/><\/a>\n\t\t\t<\/div><\/figure><figure class='gallery-item'>\n\t\t\t<div class='gallery-icon landscape'>\n\t\t\t\t<a data-elementor-open-lightbox=\"yes\" data-elementor-lightbox-slideshow=\"df462d1\" data-e-action-hash=\"#elementor-action%3Aaction%3Dlightbox%26settings%3DeyJpZCI6ODMzLCJ1cmwiOiJodHRwczpcL1wvY3Vlcm9zZGVsc3VyLmNvbS5hclwvd3AtY29udGVudFwvdXBsb2Fkc1wvMjAyNVwvMDJcL2RlbGFudGFsX3NvbGRhZG9yX3ZhcXVldGFfcmVmb3J6YWRvXzkuanBlZyIsInNsaWRlc2hvdyI6ImRmNDYyZDEifQ%3D%3D\" href='https:\/\/cuerosdelsur.com.ar\/wp-content\/uploads\/2025\/02\/delantal_soldador_vaqueta_reforzado_9.jpeg'><img loading=\"lazy\" decoding=\"async\" width=\"1920\" height=\"1920\" src=\"https:\/\/cuerosdelsur.com.ar\/wp-content\/uploads\/2025\/02\/delantal_soldador_vaqueta_reforzado_9.jpeg\" class=\"attachment-full size-full\" alt=\"\" srcset=\"https:\/\/cuerosdelsur.com.ar\/wp-content\/uploads\/2025\/02\/delantal_soldador_vaqueta_reforzado_9.jpeg 1920w, https:\/\/cuerosdelsur.com.ar\/wp-content\/uploads\/2025\/02\/delantal_soldador_vaqueta_reforzado_9-300x300.jpeg 300w, https:\/\/cuerosdelsur.com.ar\/wp-content\/uploads\/2025\/02\/delantal_soldador_vaqueta_reforzado_9-1024x1024.jpeg 1024w, https:\/\/cuerosdelsur.com.ar\/wp-content\/uploads\/2025\/02\/delantal_soldador_vaqueta_reforzado_9-150x150.jpeg 150w, https:\/\/cuerosdelsur.com.ar\/wp-content\/uploads\/2025\/02\/delantal_soldador_vaqueta_reforzado_9-768x768.jpeg 768w, https:\/\/cuerosdelsur.com.ar\/wp-content\/uploads\/2025\/02\/delantal_soldador_vaqueta_reforzado_9-1536x1536.jpeg 1536w, https:\/\/cuerosdelsur.com.ar\/wp-content\/uploads\/2025\/02\/delantal_soldador_vaqueta_reforzado_9-12x12.jpeg 12w\" sizes=\"(max-width: 1920px) 100vw, 1920px\" \/><\/a>\n\t\t\t<\/div><\/figure>\n\t\t<\/div>\n\t\t<\/div>\n\t\t\t\t\t\t<\/div>\n\t\t\t\t<\/div>\n\t\t\t\t<\/div>\n\t\t\t\t<\/div>\n\t\t\t\t<\/div>\n\t\t<div class=\"elementor-element elementor-element-dc2eac4 e-con-full e-flex e-con e-child\" data-id=\"dc2eac4\" data-element_type=\"container\" data-e-type=\"container\">\n\t\t\t\t<div class=\"elementor-element elementor-element-52efd6a elementor-widget elementor-widget-text-editor\" data-id=\"52efd6a\" data-element_type=\"widget\" data-e-type=\"widget\" data-widget_type=\"text-editor.default\">\n\t\t\t\t<div class=\"elementor-widget-container\">\n\t\t\t\t\t\t\t\t\t<p>Grembiule da saldatore industriale in pelle bovina con sistema di chiusura a scatto in metallo, icona di durata e resistenza nel lavoro quotidiano! Realizzato in pelle bovina selezionata e progettato per durare nel tempo, questo grembiule \u00e8 stato rinforzato in ogni dettaglio. Le larghe e robuste cinghie di presa non solo assicurano una vestibilit\u00e0 sicura, ma rappresentano anche la resistenza necessaria in un ambiente esigente. Realizzato in pelle selezionata e dotato di rinforzi strategici sul colletto, sulla vita e sull'abbottonatura in gomma, questo grembiule garantisce una protezione ottimale per ogni saldatura. Le tasche in pelle, i portautensili e i portaelettrodi offrono la praticit\u00e0 necessaria durante la giornata lavorativa. Realizzato in filato aramidico resistente alle alte temperature, questo grembiule di 60 cm x 90 cm offre non solo comfort, ma anche una sicurezza senza pari. Provate il comfort, la protezione e la resistenza che solo il nostro grembiule per saldatura industriale pu\u00f2 offrire, pronto ad accompagnarvi per tutta la durata della vostra giornata lavorativa!<\/p>\t\t\t\t\t\t\t\t<\/div>\n\t\t\t\t<\/div>\n\t\t\t\t<div class=\"elementor-element elementor-element-838e246 elementor-mobile-align-center elementor-widget elementor-widget-button\" data-id=\"838e246\" data-element_type=\"widget\" data-e-type=\"widget\" data-widget_type=\"button.default\">\n\t\t\t\t<div class=\"elementor-widget-container\">\n\t\t\t\t\t\t\t\t\t<div class=\"elementor-button-wrapper\">\n\t\t\t\t\t<a class=\"elementor-button elementor-button-link elementor-size-sm\" href=\"https:\/\/wa.me\/+541156204834\" target=\"_blank\" rel=\"noopener\">\n\t\t\t\t\t\t<span class=\"elementor-button-content-wrapper\">\n\t\t\t\t\t\t\t\t\t<span class=\"elementor-button-text\">Consultazione tramite Whatsapp<\/span>\n\t\t\t\t\t<\/span>\n\t\t\t\t\t<\/a>\n\t\t\t\t<\/div>\n\t\t\t\t\t\t\t\t<\/div>\n\t\t\t\t<\/div>\n\t\t\t\t<\/div>\n\t\t\t\t\t<\/div>\n\t\t\t\t<\/div>\n\t\t<div class=\"elementor-element elementor-element-727ad9cf e-flex e-con-boxed e-con e-parent\" data-id=\"727ad9cf\" data-element_type=\"container\" data-e-type=\"container\">\n\t\t\t\t\t<div class=\"e-con-inner\">\n\t\t<div class=\"elementor-element elementor-element-52eb84f4 e-con-full e-flex e-con e-child\" data-id=\"52eb84f4\" data-element_type=\"container\" data-e-type=\"container\">\n\t\t\t\t<div class=\"elementor-element elementor-element-6baba2f7 elementor-widget elementor-widget-button\" data-id=\"6baba2f7\" data-element_type=\"widget\" data-e-type=\"widget\" data-widget_type=\"button.default\">\n\t\t\t\t<div class=\"elementor-widget-container\">\n\t\t\t\t\t\t\t\t\t<div class=\"elementor-button-wrapper\">\n\t\t\t\t\t<a class=\"elementor-button elementor-button-link elementor-size-sm\" href=\"https:\/\/cuerosdelsur.com.ar\/delantal-soldador-reforzado\/\">\n\t\t\t\t\t\t<span class=\"elementor-button-content-wrapper\">\n\t\t\t\t\t\t<span class=\"elementor-button-icon\">\n\t\t\t\t<i aria-hidden=\"true\" class=\"rtmicon rtmicon-chevron-left\"><\/i>\t\t\t<\/span>\n\t\t\t\t\t\t\t\t\t<span class=\"elementor-button-text\">GREMBIULE DI SALDATURA RINFORZATO<\/span>\n\t\t\t\t\t<\/span>\n\t\t\t\t\t<\/a>\n\t\t\t\t<\/div>\n\t\t\t\t\t\t\t\t<\/div>\n\t\t\t\t<\/div>\n\t\t\t\t<div class=\"elementor-element elementor-element-5446a278 elementor-widget elementor-widget-button\" data-id=\"5446a278\" data-element_type=\"widget\" data-e-type=\"widget\" data-widget_type=\"button.default\">\n\t\t\t\t<div class=\"elementor-widget-container\">\n\t\t\t\t\t\t\t\t\t<div class=\"elementor-button-wrapper\">\n\t\t\t\t\t<a class=\"elementor-button elementor-button-link elementor-size-sm\" href=\"https:\/\/cuerosdelsur.com.ar\/manga-soldador\/\">\n\t\t\t\t\t\t<span class=\"elementor-button-content-wrapper\">\n\t\t\t\t\t\t<span class=\"elementor-button-icon\">\n\t\t\t\t<i aria-hidden=\"true\" class=\"rtmicon rtmicon-chevron-right\"><\/i>\t\t\t<\/span>\n\t\t\t\t\t\t\t\t\t<span class=\"elementor-button-text\">Manicotto di saldatura<\/span>\n\t\t\t\t\t<\/span>\n\t\t\t\t\t<\/a>\n\t\t\t\t<\/div>\n\t\t\t\t\t\t\t\t<\/div>\n\t\t\t\t<\/div>\n\t\t\t\t<\/div>\n\t\t\t\t\t<\/div>\n\t\t\t\t<\/div>\n\t\t\t\t<\/div>","protected":false},"excerpt":{"rendered":"<p>Inicio \/ Nuestros productos \/ Chaleco soldador vaqueta reforzado Delantal industrial soldador Vaqueta sistema de ajuste en el cuello con broches met\u00e1licos, un \u00edcono de durabilidad y resistencia en el trabajo diario! Fabricado con cuero vaqueta seleccionado y dise\u00f1ado para perdurar, este delantal ha sido reforzado en cada detalle. Las tiras de agarre anchas y [&hellip;]<\/p>","protected":false},"author":2,"featured_media":0,"comment_status":"closed","ping_status":"open","sticky":false,"template":"","format":"standard","meta":{"footnotes":""},"categories":[1],"tags":[],"class_list":["post-812","post","type-post","status-publish","format-standard","hentry","category-uncategorized"],"_links":{"self":[{"href":"https:\/\/cuerosdelsur.com.ar\/it\/wp-json\/wp\/v2\/posts\/812","targetHints":{"allow":["GET"]}}],"collection":[{"href":"https:\/\/cuerosdelsur.com.ar\/it\/wp-json\/wp\/v2\/posts"}],"about":[{"href":"https:\/\/cuerosdelsur.com.ar\/it\/wp-json\/wp\/v2\/types\/post"}],"author":[{"embeddable":true,"href":"https:\/\/cuerosdelsur.com.ar\/it\/wp-json\/wp\/v2\/users\/2"}],"replies":[{"embeddable":true,"href":"https:\/\/cuerosdelsur.com.ar\/it\/wp-json\/wp\/v2\/comments?post=812"}],"version-history":[{"count":16,"href":"https:\/\/cuerosdelsur.com.ar\/it\/wp-json\/wp\/v2\/posts\/812\/revisions"}],"predecessor-version":[{"id":1155,"href":"https:\/\/cuerosdelsur.com.ar\/it\/wp-json\/wp\/v2\/posts\/812\/revisions\/1155"}],"wp:attachment":[{"href":"https:\/\/cuerosdelsur.com.ar\/it\/wp-json\/wp\/v2\/media?parent=812"}],"wp:term":[{"taxonomy":"category","embeddable":true,"href":"https:\/\/cuerosdelsur.com.ar\/it\/wp-json\/wp\/v2\/categories?post=812"},{"taxonomy":"post_tag","embeddable":true,"href":"https:\/\/cuerosdelsur.com.ar\/it\/wp-json\/wp\/v2\/tags?post=812"}],"curies":[{"name":"wp","href":"https:\/\/api.w.org\/{rel}","templated":true}]}}