{"id":790,"date":"2025-02-25T21:05:26","date_gmt":"2025-02-25T21:05:26","guid":{"rendered":"https:\/\/cuerosdelsur.com.ar\/?p=790"},"modified":"2025-02-26T18:03:44","modified_gmt":"2025-02-26T18:03:44","slug":"delantal-soldador-reforzado","status":"publish","type":"post","link":"https:\/\/cuerosdelsur.com.ar\/it\/delantal-soldador-reforzado\/","title":{"rendered":"GREMBIULE DI SALDATURA RINFORZATO"},"content":{"rendered":"<div data-elementor-type=\"wp-post\" data-elementor-id=\"790\" class=\"elementor elementor-790\" data-elementor-post-type=\"post\">\n\t\t\t\t<div class=\"elementor-element elementor-element-2faa05f e-flex e-con-boxed e-con e-parent\" data-id=\"2faa05f\" data-element_type=\"container\" data-e-type=\"container\" data-settings=\"{&quot;background_background&quot;:&quot;classic&quot;}\">\n\t\t\t\t\t<div class=\"e-con-inner\">\n\t\t<div class=\"elementor-element elementor-element-cfc48a7 e-con-full e-flex e-con e-child\" data-id=\"cfc48a7\" data-element_type=\"container\" data-e-type=\"container\">\n\t\t\t\t<div class=\"elementor-element elementor-element-01becdc elementor-widget elementor-widget-heading\" data-id=\"01becdc\" data-element_type=\"widget\" data-e-type=\"widget\" data-widget_type=\"heading.default\">\n\t\t\t\t<div class=\"elementor-widget-container\">\n\t\t\t\t\t<h1 class=\"elementor-heading-title elementor-size-default\">GREMBIULE DI SALDATURA RINFORZATO<\/h1>\t\t\t\t<\/div>\n\t\t\t\t<\/div>\n\t\t\t\t<div class=\"elementor-element elementor-element-801e6a9 elementor-widget elementor-widget-text-editor\" data-id=\"801e6a9\" data-element_type=\"widget\" data-e-type=\"widget\" data-widget_type=\"text-editor.default\">\n\t\t\t\t<div class=\"elementor-widget-container\">\n\t\t\t\t\t\t\t\t\t<p><a href=\"https:\/\/cuerosdelsur.com.ar\/\">Casa<\/a> \/ I nostri prodotti \/ Grembiule di saldatura rinforzato<\/p>\t\t\t\t\t\t\t\t<\/div>\n\t\t\t\t<\/div>\n\t\t\t\t<\/div>\n\t\t\t\t\t<\/div>\n\t\t\t\t<\/div>\n\t\t<div class=\"elementor-element elementor-element-ae16254 e-flex e-con-boxed e-con e-parent\" data-id=\"ae16254\" data-element_type=\"container\" data-e-type=\"container\">\n\t\t\t\t\t<div class=\"e-con-inner\">\n\t\t<div class=\"elementor-element elementor-element-f5d5479 e-con-full e-flex e-con e-child\" data-id=\"f5d5479\" data-element_type=\"container\" data-e-type=\"container\">\n\t\t<div class=\"elementor-element elementor-element-f38bb35 e-con-full e-flex e-con e-child\" data-id=\"f38bb35\" data-element_type=\"container\" data-e-type=\"container\">\n\t\t\t\t<div class=\"elementor-element elementor-element-73968ee elementor-hidden-tablet elementor-hidden-mobile elementor-widget elementor-widget-image\" data-id=\"73968ee\" data-element_type=\"widget\" data-e-type=\"widget\" data-widget_type=\"image.default\">\n\t\t\t\t<div class=\"elementor-widget-container\">\n\t\t\t\t\t\t\t\t\t\t\t\t\t\t\t\t<a href=\"https:\/\/cuerosdelsur.com.ar\/wp-content\/uploads\/2025\/02\/Delantal-soldador-cuero-descarne.jpg\" data-elementor-open-lightbox=\"yes\" data-e-action-hash=\"#elementor-action%3Aaction%3Dlightbox%26settings%3DeyJpZCI6MzYzLCJ1cmwiOiJodHRwczpcL1wvY3Vlcm9zZGVsc3VyLmNvbS5hclwvd3AtY29udGVudFwvdXBsb2Fkc1wvMjAyNVwvMDJcL0RlbGFudGFsLXNvbGRhZG9yLWN1ZXJvLWRlc2Nhcm5lLmpwZyJ9\">\n\t\t\t\t\t\t\t<img fetchpriority=\"high\" decoding=\"async\" width=\"413\" height=\"413\" src=\"https:\/\/cuerosdelsur.com.ar\/wp-content\/uploads\/2025\/02\/Delantal-soldador-cuero-descarne.jpg\" class=\"attachment-large size-large wp-image-363\" alt=\"\" srcset=\"https:\/\/cuerosdelsur.com.ar\/wp-content\/uploads\/2025\/02\/Delantal-soldador-cuero-descarne.jpg 413w, https:\/\/cuerosdelsur.com.ar\/wp-content\/uploads\/2025\/02\/Delantal-soldador-cuero-descarne-300x300.jpg 300w, https:\/\/cuerosdelsur.com.ar\/wp-content\/uploads\/2025\/02\/Delantal-soldador-cuero-descarne-150x150.jpg 150w\" sizes=\"(max-width: 413px) 100vw, 413px\" \/>\t\t\t\t\t\t\t\t<\/a>\n\t\t\t\t\t\t\t\t\t\t\t\t\t\t\t<\/div>\n\t\t\t\t<\/div>\n\t\t<div class=\"elementor-element elementor-element-21e7434 e-con-full e-flex e-con e-child\" data-id=\"21e7434\" data-element_type=\"container\" data-e-type=\"container\">\n\t\t\t\t<div class=\"elementor-element elementor-element-df462d1 gallery-spacing-custom elementor-widget elementor-widget-image-gallery\" data-id=\"df462d1\" data-element_type=\"widget\" data-e-type=\"widget\" data-widget_type=\"image-gallery.default\">\n\t\t\t\t<div class=\"elementor-widget-container\">\n\t\t\t\t\t\t\t<div class=\"elementor-image-gallery\">\n\t\t\t<div id='gallery-1' class='gallery galleryid-790 gallery-columns-4 gallery-size-full'><figure class='gallery-item'>\n\t\t\t<div class='gallery-icon portrait'>\n\t\t\t\t<a data-elementor-open-lightbox=\"yes\" data-elementor-lightbox-slideshow=\"df462d1\" data-e-action-hash=\"#elementor-action%3Aaction%3Dlightbox%26settings%3DeyJpZCI6NzkzLCJ1cmwiOiJodHRwczpcL1wvY3Vlcm9zZGVsc3VyLmNvbS5hclwvd3AtY29udGVudFwvdXBsb2Fkc1wvMjAyNVwvMDJcL2RlbGFudGFsX3NvbGRhZG9yX3JlZm9yemFkb18xLmpwZWciLCJzbGlkZXNob3ciOiJkZjQ2MmQxIn0%3D\" href='https:\/\/cuerosdelsur.com.ar\/wp-content\/uploads\/2025\/02\/delantal_soldador_reforzado_1.jpeg'><img decoding=\"async\" width=\"1160\" height=\"1217\" src=\"https:\/\/cuerosdelsur.com.ar\/wp-content\/uploads\/2025\/02\/delantal_soldador_reforzado_1.jpeg\" class=\"attachment-full size-full\" alt=\"\" srcset=\"https:\/\/cuerosdelsur.com.ar\/wp-content\/uploads\/2025\/02\/delantal_soldador_reforzado_1.jpeg 1160w, https:\/\/cuerosdelsur.com.ar\/wp-content\/uploads\/2025\/02\/delantal_soldador_reforzado_1-286x300.jpeg 286w, https:\/\/cuerosdelsur.com.ar\/wp-content\/uploads\/2025\/02\/delantal_soldador_reforzado_1-976x1024.jpeg 976w, https:\/\/cuerosdelsur.com.ar\/wp-content\/uploads\/2025\/02\/delantal_soldador_reforzado_1-768x806.jpeg 768w, https:\/\/cuerosdelsur.com.ar\/wp-content\/uploads\/2025\/02\/delantal_soldador_reforzado_1-11x12.jpeg 11w\" sizes=\"(max-width: 1160px) 100vw, 1160px\" \/><\/a>\n\t\t\t<\/div><\/figure><figure class='gallery-item'>\n\t\t\t<div class='gallery-icon landscape'>\n\t\t\t\t<a data-elementor-open-lightbox=\"yes\" data-elementor-lightbox-slideshow=\"df462d1\" data-e-action-hash=\"#elementor-action%3Aaction%3Dlightbox%26settings%3DeyJpZCI6Nzk0LCJ1cmwiOiJodHRwczpcL1wvY3Vlcm9zZGVsc3VyLmNvbS5hclwvd3AtY29udGVudFwvdXBsb2Fkc1wvMjAyNVwvMDJcL2RlbGFudGFsX3NvbGRhZG9yX3JlZm9yemFkb18yLmpwZWciLCJzbGlkZXNob3ciOiJkZjQ2MmQxIn0%3D\" href='https:\/\/cuerosdelsur.com.ar\/wp-content\/uploads\/2025\/02\/delantal_soldador_reforzado_2.jpeg'><img decoding=\"async\" width=\"1920\" height=\"1920\" src=\"https:\/\/cuerosdelsur.com.ar\/wp-content\/uploads\/2025\/02\/delantal_soldador_reforzado_2.jpeg\" class=\"attachment-full size-full\" alt=\"\" srcset=\"https:\/\/cuerosdelsur.com.ar\/wp-content\/uploads\/2025\/02\/delantal_soldador_reforzado_2.jpeg 1920w, https:\/\/cuerosdelsur.com.ar\/wp-content\/uploads\/2025\/02\/delantal_soldador_reforzado_2-300x300.jpeg 300w, https:\/\/cuerosdelsur.com.ar\/wp-content\/uploads\/2025\/02\/delantal_soldador_reforzado_2-1024x1024.jpeg 1024w, https:\/\/cuerosdelsur.com.ar\/wp-content\/uploads\/2025\/02\/delantal_soldador_reforzado_2-150x150.jpeg 150w, https:\/\/cuerosdelsur.com.ar\/wp-content\/uploads\/2025\/02\/delantal_soldador_reforzado_2-768x768.jpeg 768w, https:\/\/cuerosdelsur.com.ar\/wp-content\/uploads\/2025\/02\/delantal_soldador_reforzado_2-1536x1536.jpeg 1536w, https:\/\/cuerosdelsur.com.ar\/wp-content\/uploads\/2025\/02\/delantal_soldador_reforzado_2-12x12.jpeg 12w\" sizes=\"(max-width: 1920px) 100vw, 1920px\" \/><\/a>\n\t\t\t<\/div><\/figure><figure class='gallery-item'>\n\t\t\t<div class='gallery-icon landscape'>\n\t\t\t\t<a data-elementor-open-lightbox=\"yes\" data-elementor-lightbox-slideshow=\"df462d1\" data-e-action-hash=\"#elementor-action%3Aaction%3Dlightbox%26settings%3DeyJpZCI6Nzk1LCJ1cmwiOiJodHRwczpcL1wvY3Vlcm9zZGVsc3VyLmNvbS5hclwvd3AtY29udGVudFwvdXBsb2Fkc1wvMjAyNVwvMDJcL2RlbGFudGFsX3NvbGRhZG9yX3JlZm9yemFkb18zLmpwZWciLCJzbGlkZXNob3ciOiJkZjQ2MmQxIn0%3D\" href='https:\/\/cuerosdelsur.com.ar\/wp-content\/uploads\/2025\/02\/delantal_soldador_reforzado_3.jpeg'><img loading=\"lazy\" decoding=\"async\" width=\"1920\" height=\"1920\" src=\"https:\/\/cuerosdelsur.com.ar\/wp-content\/uploads\/2025\/02\/delantal_soldador_reforzado_3.jpeg\" class=\"attachment-full size-full\" alt=\"\" srcset=\"https:\/\/cuerosdelsur.com.ar\/wp-content\/uploads\/2025\/02\/delantal_soldador_reforzado_3.jpeg 1920w, https:\/\/cuerosdelsur.com.ar\/wp-content\/uploads\/2025\/02\/delantal_soldador_reforzado_3-300x300.jpeg 300w, https:\/\/cuerosdelsur.com.ar\/wp-content\/uploads\/2025\/02\/delantal_soldador_reforzado_3-1024x1024.jpeg 1024w, https:\/\/cuerosdelsur.com.ar\/wp-content\/uploads\/2025\/02\/delantal_soldador_reforzado_3-150x150.jpeg 150w, https:\/\/cuerosdelsur.com.ar\/wp-content\/uploads\/2025\/02\/delantal_soldador_reforzado_3-768x768.jpeg 768w, https:\/\/cuerosdelsur.com.ar\/wp-content\/uploads\/2025\/02\/delantal_soldador_reforzado_3-1536x1536.jpeg 1536w, https:\/\/cuerosdelsur.com.ar\/wp-content\/uploads\/2025\/02\/delantal_soldador_reforzado_3-12x12.jpeg 12w\" sizes=\"(max-width: 1920px) 100vw, 1920px\" \/><\/a>\n\t\t\t<\/div><\/figure><figure class='gallery-item'>\n\t\t\t<div class='gallery-icon landscape'>\n\t\t\t\t<a data-elementor-open-lightbox=\"yes\" data-elementor-lightbox-slideshow=\"df462d1\" data-e-action-hash=\"#elementor-action%3Aaction%3Dlightbox%26settings%3DeyJpZCI6Nzk2LCJ1cmwiOiJodHRwczpcL1wvY3Vlcm9zZGVsc3VyLmNvbS5hclwvd3AtY29udGVudFwvdXBsb2Fkc1wvMjAyNVwvMDJcL2RlbGFudGFsX3NvbGRhZG9yX3JlZm9yemFkb180LmpwZWciLCJzbGlkZXNob3ciOiJkZjQ2MmQxIn0%3D\" href='https:\/\/cuerosdelsur.com.ar\/wp-content\/uploads\/2025\/02\/delantal_soldador_reforzado_4.jpeg'><img loading=\"lazy\" decoding=\"async\" width=\"1920\" height=\"1920\" src=\"https:\/\/cuerosdelsur.com.ar\/wp-content\/uploads\/2025\/02\/delantal_soldador_reforzado_4.jpeg\" class=\"attachment-full size-full\" alt=\"\" srcset=\"https:\/\/cuerosdelsur.com.ar\/wp-content\/uploads\/2025\/02\/delantal_soldador_reforzado_4.jpeg 1920w, https:\/\/cuerosdelsur.com.ar\/wp-content\/uploads\/2025\/02\/delantal_soldador_reforzado_4-300x300.jpeg 300w, https:\/\/cuerosdelsur.com.ar\/wp-content\/uploads\/2025\/02\/delantal_soldador_reforzado_4-1024x1024.jpeg 1024w, https:\/\/cuerosdelsur.com.ar\/wp-content\/uploads\/2025\/02\/delantal_soldador_reforzado_4-150x150.jpeg 150w, https:\/\/cuerosdelsur.com.ar\/wp-content\/uploads\/2025\/02\/delantal_soldador_reforzado_4-768x768.jpeg 768w, https:\/\/cuerosdelsur.com.ar\/wp-content\/uploads\/2025\/02\/delantal_soldador_reforzado_4-1536x1536.jpeg 1536w, https:\/\/cuerosdelsur.com.ar\/wp-content\/uploads\/2025\/02\/delantal_soldador_reforzado_4-12x12.jpeg 12w\" sizes=\"(max-width: 1920px) 100vw, 1920px\" \/><\/a>\n\t\t\t<\/div><\/figure><figure class='gallery-item'>\n\t\t\t<div class='gallery-icon landscape'>\n\t\t\t\t<a data-elementor-open-lightbox=\"yes\" data-elementor-lightbox-slideshow=\"df462d1\" data-e-action-hash=\"#elementor-action%3Aaction%3Dlightbox%26settings%3DeyJpZCI6Nzk3LCJ1cmwiOiJodHRwczpcL1wvY3Vlcm9zZGVsc3VyLmNvbS5hclwvd3AtY29udGVudFwvdXBsb2Fkc1wvMjAyNVwvMDJcL2RlbGFudGFsX3NvbGRhZG9yX3JlZm9yemFkb181LmpwZWciLCJzbGlkZXNob3ciOiJkZjQ2MmQxIn0%3D\" href='https:\/\/cuerosdelsur.com.ar\/wp-content\/uploads\/2025\/02\/delantal_soldador_reforzado_5.jpeg'><img loading=\"lazy\" decoding=\"async\" width=\"1920\" height=\"1920\" src=\"https:\/\/cuerosdelsur.com.ar\/wp-content\/uploads\/2025\/02\/delantal_soldador_reforzado_5.jpeg\" class=\"attachment-full size-full\" alt=\"\" srcset=\"https:\/\/cuerosdelsur.com.ar\/wp-content\/uploads\/2025\/02\/delantal_soldador_reforzado_5.jpeg 1920w, https:\/\/cuerosdelsur.com.ar\/wp-content\/uploads\/2025\/02\/delantal_soldador_reforzado_5-300x300.jpeg 300w, https:\/\/cuerosdelsur.com.ar\/wp-content\/uploads\/2025\/02\/delantal_soldador_reforzado_5-1024x1024.jpeg 1024w, https:\/\/cuerosdelsur.com.ar\/wp-content\/uploads\/2025\/02\/delantal_soldador_reforzado_5-150x150.jpeg 150w, https:\/\/cuerosdelsur.com.ar\/wp-content\/uploads\/2025\/02\/delantal_soldador_reforzado_5-768x768.jpeg 768w, https:\/\/cuerosdelsur.com.ar\/wp-content\/uploads\/2025\/02\/delantal_soldador_reforzado_5-1536x1536.jpeg 1536w, https:\/\/cuerosdelsur.com.ar\/wp-content\/uploads\/2025\/02\/delantal_soldador_reforzado_5-12x12.jpeg 12w\" sizes=\"(max-width: 1920px) 100vw, 1920px\" \/><\/a>\n\t\t\t<\/div><\/figure><figure class='gallery-item'>\n\t\t\t<div class='gallery-icon landscape'>\n\t\t\t\t<a data-elementor-open-lightbox=\"yes\" data-elementor-lightbox-slideshow=\"df462d1\" data-e-action-hash=\"#elementor-action%3Aaction%3Dlightbox%26settings%3DeyJpZCI6Nzk4LCJ1cmwiOiJodHRwczpcL1wvY3Vlcm9zZGVsc3VyLmNvbS5hclwvd3AtY29udGVudFwvdXBsb2Fkc1wvMjAyNVwvMDJcL2RlbGFudGFsX3NvbGRhZG9yX3JlZm9yemFkb182LmpwZWciLCJzbGlkZXNob3ciOiJkZjQ2MmQxIn0%3D\" href='https:\/\/cuerosdelsur.com.ar\/wp-content\/uploads\/2025\/02\/delantal_soldador_reforzado_6.jpeg'><img loading=\"lazy\" decoding=\"async\" width=\"1920\" height=\"1920\" src=\"https:\/\/cuerosdelsur.com.ar\/wp-content\/uploads\/2025\/02\/delantal_soldador_reforzado_6.jpeg\" class=\"attachment-full size-full\" alt=\"\" srcset=\"https:\/\/cuerosdelsur.com.ar\/wp-content\/uploads\/2025\/02\/delantal_soldador_reforzado_6.jpeg 1920w, https:\/\/cuerosdelsur.com.ar\/wp-content\/uploads\/2025\/02\/delantal_soldador_reforzado_6-300x300.jpeg 300w, https:\/\/cuerosdelsur.com.ar\/wp-content\/uploads\/2025\/02\/delantal_soldador_reforzado_6-1024x1024.jpeg 1024w, https:\/\/cuerosdelsur.com.ar\/wp-content\/uploads\/2025\/02\/delantal_soldador_reforzado_6-150x150.jpeg 150w, https:\/\/cuerosdelsur.com.ar\/wp-content\/uploads\/2025\/02\/delantal_soldador_reforzado_6-768x768.jpeg 768w, https:\/\/cuerosdelsur.com.ar\/wp-content\/uploads\/2025\/02\/delantal_soldador_reforzado_6-1536x1536.jpeg 1536w, https:\/\/cuerosdelsur.com.ar\/wp-content\/uploads\/2025\/02\/delantal_soldador_reforzado_6-12x12.jpeg 12w\" sizes=\"(max-width: 1920px) 100vw, 1920px\" \/><\/a>\n\t\t\t<\/div><\/figure><figure class='gallery-item'>\n\t\t\t<div class='gallery-icon landscape'>\n\t\t\t\t<a data-elementor-open-lightbox=\"yes\" data-elementor-lightbox-slideshow=\"df462d1\" data-e-action-hash=\"#elementor-action%3Aaction%3Dlightbox%26settings%3DeyJpZCI6Nzk5LCJ1cmwiOiJodHRwczpcL1wvY3Vlcm9zZGVsc3VyLmNvbS5hclwvd3AtY29udGVudFwvdXBsb2Fkc1wvMjAyNVwvMDJcL2RlbGFudGFsX3NvbGRhZG9yX3JlZm9yemFkb183LmpwZWciLCJzbGlkZXNob3ciOiJkZjQ2MmQxIn0%3D\" href='https:\/\/cuerosdelsur.com.ar\/wp-content\/uploads\/2025\/02\/delantal_soldador_reforzado_7.jpeg'><img loading=\"lazy\" decoding=\"async\" width=\"1920\" height=\"1920\" src=\"https:\/\/cuerosdelsur.com.ar\/wp-content\/uploads\/2025\/02\/delantal_soldador_reforzado_7.jpeg\" class=\"attachment-full size-full\" alt=\"\" srcset=\"https:\/\/cuerosdelsur.com.ar\/wp-content\/uploads\/2025\/02\/delantal_soldador_reforzado_7.jpeg 1920w, https:\/\/cuerosdelsur.com.ar\/wp-content\/uploads\/2025\/02\/delantal_soldador_reforzado_7-300x300.jpeg 300w, https:\/\/cuerosdelsur.com.ar\/wp-content\/uploads\/2025\/02\/delantal_soldador_reforzado_7-1024x1024.jpeg 1024w, https:\/\/cuerosdelsur.com.ar\/wp-content\/uploads\/2025\/02\/delantal_soldador_reforzado_7-150x150.jpeg 150w, https:\/\/cuerosdelsur.com.ar\/wp-content\/uploads\/2025\/02\/delantal_soldador_reforzado_7-768x768.jpeg 768w, https:\/\/cuerosdelsur.com.ar\/wp-content\/uploads\/2025\/02\/delantal_soldador_reforzado_7-1536x1536.jpeg 1536w, https:\/\/cuerosdelsur.com.ar\/wp-content\/uploads\/2025\/02\/delantal_soldador_reforzado_7-12x12.jpeg 12w\" sizes=\"(max-width: 1920px) 100vw, 1920px\" \/><\/a>\n\t\t\t<\/div><\/figure><figure class='gallery-item'>\n\t\t\t<div class='gallery-icon landscape'>\n\t\t\t\t<a data-elementor-open-lightbox=\"yes\" data-elementor-lightbox-slideshow=\"df462d1\" data-e-action-hash=\"#elementor-action%3Aaction%3Dlightbox%26settings%3DeyJpZCI6ODAwLCJ1cmwiOiJodHRwczpcL1wvY3Vlcm9zZGVsc3VyLmNvbS5hclwvd3AtY29udGVudFwvdXBsb2Fkc1wvMjAyNVwvMDJcL2RlbGFudGFsX3NvbGRhZG9yX3JlZm9yemFkb184LmpwZWciLCJzbGlkZXNob3ciOiJkZjQ2MmQxIn0%3D\" href='https:\/\/cuerosdelsur.com.ar\/wp-content\/uploads\/2025\/02\/delantal_soldador_reforzado_8.jpeg'><img loading=\"lazy\" decoding=\"async\" width=\"1920\" height=\"1920\" src=\"https:\/\/cuerosdelsur.com.ar\/wp-content\/uploads\/2025\/02\/delantal_soldador_reforzado_8.jpeg\" class=\"attachment-full size-full\" alt=\"\" srcset=\"https:\/\/cuerosdelsur.com.ar\/wp-content\/uploads\/2025\/02\/delantal_soldador_reforzado_8.jpeg 1920w, https:\/\/cuerosdelsur.com.ar\/wp-content\/uploads\/2025\/02\/delantal_soldador_reforzado_8-300x300.jpeg 300w, https:\/\/cuerosdelsur.com.ar\/wp-content\/uploads\/2025\/02\/delantal_soldador_reforzado_8-1024x1024.jpeg 1024w, https:\/\/cuerosdelsur.com.ar\/wp-content\/uploads\/2025\/02\/delantal_soldador_reforzado_8-150x150.jpeg 150w, https:\/\/cuerosdelsur.com.ar\/wp-content\/uploads\/2025\/02\/delantal_soldador_reforzado_8-768x768.jpeg 768w, https:\/\/cuerosdelsur.com.ar\/wp-content\/uploads\/2025\/02\/delantal_soldador_reforzado_8-1536x1536.jpeg 1536w, https:\/\/cuerosdelsur.com.ar\/wp-content\/uploads\/2025\/02\/delantal_soldador_reforzado_8-12x12.jpeg 12w\" sizes=\"(max-width: 1920px) 100vw, 1920px\" \/><\/a>\n\t\t\t<\/div><\/figure><figure class='gallery-item'>\n\t\t\t<div class='gallery-icon landscape'>\n\t\t\t\t<a data-elementor-open-lightbox=\"yes\" data-elementor-lightbox-slideshow=\"df462d1\" data-e-action-hash=\"#elementor-action%3Aaction%3Dlightbox%26settings%3DeyJpZCI6ODAxLCJ1cmwiOiJodHRwczpcL1wvY3Vlcm9zZGVsc3VyLmNvbS5hclwvd3AtY29udGVudFwvdXBsb2Fkc1wvMjAyNVwvMDJcL2RlbGFudGFsX3NvbGRhZG9yX3JlZm9yemFkb185LmpwZWciLCJzbGlkZXNob3ciOiJkZjQ2MmQxIn0%3D\" href='https:\/\/cuerosdelsur.com.ar\/wp-content\/uploads\/2025\/02\/delantal_soldador_reforzado_9.jpeg'><img loading=\"lazy\" decoding=\"async\" width=\"1920\" height=\"1920\" src=\"https:\/\/cuerosdelsur.com.ar\/wp-content\/uploads\/2025\/02\/delantal_soldador_reforzado_9.jpeg\" class=\"attachment-full size-full\" alt=\"\" srcset=\"https:\/\/cuerosdelsur.com.ar\/wp-content\/uploads\/2025\/02\/delantal_soldador_reforzado_9.jpeg 1920w, https:\/\/cuerosdelsur.com.ar\/wp-content\/uploads\/2025\/02\/delantal_soldador_reforzado_9-300x300.jpeg 300w, https:\/\/cuerosdelsur.com.ar\/wp-content\/uploads\/2025\/02\/delantal_soldador_reforzado_9-1024x1024.jpeg 1024w, https:\/\/cuerosdelsur.com.ar\/wp-content\/uploads\/2025\/02\/delantal_soldador_reforzado_9-150x150.jpeg 150w, https:\/\/cuerosdelsur.com.ar\/wp-content\/uploads\/2025\/02\/delantal_soldador_reforzado_9-768x768.jpeg 768w, https:\/\/cuerosdelsur.com.ar\/wp-content\/uploads\/2025\/02\/delantal_soldador_reforzado_9-1536x1536.jpeg 1536w, https:\/\/cuerosdelsur.com.ar\/wp-content\/uploads\/2025\/02\/delantal_soldador_reforzado_9-12x12.jpeg 12w\" sizes=\"(max-width: 1920px) 100vw, 1920px\" \/><\/a>\n\t\t\t<\/div><\/figure><figure class='gallery-item'>\n\t\t\t<div class='gallery-icon landscape'>\n\t\t\t\t<a data-elementor-open-lightbox=\"yes\" data-elementor-lightbox-slideshow=\"df462d1\" data-e-action-hash=\"#elementor-action%3Aaction%3Dlightbox%26settings%3DeyJpZCI6ODAyLCJ1cmwiOiJodHRwczpcL1wvY3Vlcm9zZGVsc3VyLmNvbS5hclwvd3AtY29udGVudFwvdXBsb2Fkc1wvMjAyNVwvMDJcL2RlbGFudGFsX3NvbGRhZG9yX3JlZm9yemFkb18xMC5qcGVnIiwic2xpZGVzaG93IjoiZGY0NjJkMSJ9\" href='https:\/\/cuerosdelsur.com.ar\/wp-content\/uploads\/2025\/02\/delantal_soldador_reforzado_10.jpeg'><img loading=\"lazy\" decoding=\"async\" width=\"1920\" height=\"1920\" src=\"https:\/\/cuerosdelsur.com.ar\/wp-content\/uploads\/2025\/02\/delantal_soldador_reforzado_10.jpeg\" class=\"attachment-full size-full\" alt=\"\" srcset=\"https:\/\/cuerosdelsur.com.ar\/wp-content\/uploads\/2025\/02\/delantal_soldador_reforzado_10.jpeg 1920w, https:\/\/cuerosdelsur.com.ar\/wp-content\/uploads\/2025\/02\/delantal_soldador_reforzado_10-300x300.jpeg 300w, https:\/\/cuerosdelsur.com.ar\/wp-content\/uploads\/2025\/02\/delantal_soldador_reforzado_10-1024x1024.jpeg 1024w, https:\/\/cuerosdelsur.com.ar\/wp-content\/uploads\/2025\/02\/delantal_soldador_reforzado_10-150x150.jpeg 150w, https:\/\/cuerosdelsur.com.ar\/wp-content\/uploads\/2025\/02\/delantal_soldador_reforzado_10-768x768.jpeg 768w, https:\/\/cuerosdelsur.com.ar\/wp-content\/uploads\/2025\/02\/delantal_soldador_reforzado_10-1536x1536.jpeg 1536w, https:\/\/cuerosdelsur.com.ar\/wp-content\/uploads\/2025\/02\/delantal_soldador_reforzado_10-12x12.jpeg 12w\" sizes=\"(max-width: 1920px) 100vw, 1920px\" \/><\/a>\n\t\t\t<\/div><\/figure>\n\t\t<\/div>\n\t\t<\/div>\n\t\t\t\t\t\t<\/div>\n\t\t\t\t<\/div>\n\t\t\t\t<\/div>\n\t\t\t\t<\/div>\n\t\t\t\t<\/div>\n\t\t<div class=\"elementor-element elementor-element-dc2eac4 e-con-full e-flex e-con e-child\" data-id=\"dc2eac4\" data-element_type=\"container\" data-e-type=\"container\">\n\t\t\t\t<div class=\"elementor-element elementor-element-52efd6a elementor-widget elementor-widget-text-editor\" data-id=\"52efd6a\" data-element_type=\"widget\" data-e-type=\"widget\" data-widget_type=\"text-editor.default\">\n\t\t\t\t<div class=\"elementor-widget-container\">\n\t\t\t\t\t\t\t\t\t<p>Grembiule industriale da saldatore in pelle con sistema di regolazione del colletto in pelle premium con bottoni a pressione in metallo, un'icona di durata e forza nel lavoro di tutti i giorni! Realizzato in pelle scamosciata selezionata e progettato per durare nel tempo, questo grembiule \u00e8 stato rinforzato in ogni dettaglio. Le larghe e robuste cinghie di presa non solo assicurano una vestibilit\u00e0 sicura, ma rappresentano anche la resistenza necessaria in un ambiente impegnativo. Dotato di rinforzi strategici sul colletto, sulla vita e sul piombo in gomma, questo grembiule garantisce una protezione ottimale in ogni saldatura. Le tasche in pelle bovina, i portautensili e i portaelettrodi offrono la praticit\u00e0 necessaria per le vostre giornate di lavoro. Realizzato in filato aramidico resistente alle alte temperature, questo grembiule di 62 cm x 95 cm di larghezza offre non solo comfort, ma anche una sicurezza senza pari. Provate il comfort, la protezione e la resistenza che solo il nostro grembiule per saldatura industriale pu\u00f2 offrire, pronto ad accompagnarvi per una lunga giornata di lavoro!<\/p>\t\t\t\t\t\t\t\t<\/div>\n\t\t\t\t<\/div>\n\t\t\t\t<div class=\"elementor-element elementor-element-e888404 elementor-mobile-align-center elementor-widget elementor-widget-button\" data-id=\"e888404\" data-element_type=\"widget\" data-e-type=\"widget\" data-widget_type=\"button.default\">\n\t\t\t\t<div class=\"elementor-widget-container\">\n\t\t\t\t\t\t\t\t\t<div class=\"elementor-button-wrapper\">\n\t\t\t\t\t<a class=\"elementor-button elementor-button-link elementor-size-sm\" href=\"https:\/\/wa.me\/+541156204834\" target=\"_blank\" rel=\"noopener\">\n\t\t\t\t\t\t<span class=\"elementor-button-content-wrapper\">\n\t\t\t\t\t\t\t\t\t<span class=\"elementor-button-text\">Consultazione tramite Whatsapp<\/span>\n\t\t\t\t\t<\/span>\n\t\t\t\t\t<\/a>\n\t\t\t\t<\/div>\n\t\t\t\t\t\t\t\t<\/div>\n\t\t\t\t<\/div>\n\t\t\t\t<\/div>\n\t\t\t\t\t<\/div>\n\t\t\t\t<\/div>\n\t\t<div class=\"elementor-element elementor-element-1654a881 e-flex e-con-boxed e-con e-parent\" data-id=\"1654a881\" data-element_type=\"container\" data-e-type=\"container\">\n\t\t\t\t\t<div class=\"e-con-inner\">\n\t\t<div class=\"elementor-element elementor-element-66cea09c e-con-full e-flex e-con e-child\" data-id=\"66cea09c\" data-element_type=\"container\" data-e-type=\"container\">\n\t\t\t\t<div class=\"elementor-element elementor-element-20783d3c elementor-widget elementor-widget-button\" data-id=\"20783d3c\" data-element_type=\"widget\" data-e-type=\"widget\" data-widget_type=\"button.default\">\n\t\t\t\t<div class=\"elementor-widget-container\">\n\t\t\t\t\t\t\t\t\t<div class=\"elementor-button-wrapper\">\n\t\t\t\t\t<a class=\"elementor-button elementor-button-link elementor-size-sm\" href=\"https:\/\/cuerosdelsur.com.ar\/gorra-argonera\/\">\n\t\t\t\t\t\t<span class=\"elementor-button-content-wrapper\">\n\t\t\t\t\t\t<span class=\"elementor-button-icon\">\n\t\t\t\t<i aria-hidden=\"true\" class=\"rtmicon rtmicon-chevron-left\"><\/i>\t\t\t<\/span>\n\t\t\t\t\t\t\t\t\t<span class=\"elementor-button-text\">Cappello Argonera<\/span>\n\t\t\t\t\t<\/span>\n\t\t\t\t\t<\/a>\n\t\t\t\t<\/div>\n\t\t\t\t\t\t\t\t<\/div>\n\t\t\t\t<\/div>\n\t\t\t\t<div class=\"elementor-element elementor-element-456ca48 elementor-widget elementor-widget-button\" data-id=\"456ca48\" data-element_type=\"widget\" data-e-type=\"widget\" data-widget_type=\"button.default\">\n\t\t\t\t<div class=\"elementor-widget-container\">\n\t\t\t\t\t\t\t\t\t<div class=\"elementor-button-wrapper\">\n\t\t\t\t\t<a class=\"elementor-button elementor-button-link elementor-size-sm\" href=\"https:\/\/cuerosdelsur.com.ar\/delantal-soldador-vaqueta-reforzado\/\">\n\t\t\t\t\t\t<span class=\"elementor-button-content-wrapper\">\n\t\t\t\t\t\t<span class=\"elementor-button-icon\">\n\t\t\t\t<i aria-hidden=\"true\" class=\"rtmicon rtmicon-chevron-right\"><\/i>\t\t\t<\/span>\n\t\t\t\t\t\t\t\t\t<span class=\"elementor-button-text\">Grembiule da saldatura in pelle di vacchetta<\/span>\n\t\t\t\t\t<\/span>\n\t\t\t\t\t<\/a>\n\t\t\t\t<\/div>\n\t\t\t\t\t\t\t\t<\/div>\n\t\t\t\t<\/div>\n\t\t\t\t<\/div>\n\t\t\t\t\t<\/div>\n\t\t\t\t<\/div>\n\t\t\t\t<\/div>","protected":false},"excerpt":{"rendered":"<p>Inicio \/ Nuestros productos \/ Delantal soldador reforzado Delantal industrial soldador cuero descarne premium sistema de ajuste en el cuello con broches met\u00e1licos, un \u00edcono de durabilidad y resistencia en el trabajo diario! Fabricado con cuero descarne seleccionado y dise\u00f1ado para perdurar, este delantal ha sido reforzado en cada detalle. Las tiras de agarre anchas [&hellip;]<\/p>","protected":false},"author":2,"featured_media":0,"comment_status":"closed","ping_status":"open","sticky":false,"template":"","format":"standard","meta":{"footnotes":""},"categories":[1],"tags":[],"class_list":["post-790","post","type-post","status-publish","format-standard","hentry","category-uncategorized"],"_links":{"self":[{"href":"https:\/\/cuerosdelsur.com.ar\/it\/wp-json\/wp\/v2\/posts\/790","targetHints":{"allow":["GET"]}}],"collection":[{"href":"https:\/\/cuerosdelsur.com.ar\/it\/wp-json\/wp\/v2\/posts"}],"about":[{"href":"https:\/\/cuerosdelsur.com.ar\/it\/wp-json\/wp\/v2\/types\/post"}],"author":[{"embeddable":true,"href":"https:\/\/cuerosdelsur.com.ar\/it\/wp-json\/wp\/v2\/users\/2"}],"replies":[{"embeddable":true,"href":"https:\/\/cuerosdelsur.com.ar\/it\/wp-json\/wp\/v2\/comments?post=790"}],"version-history":[{"count":16,"href":"https:\/\/cuerosdelsur.com.ar\/it\/wp-json\/wp\/v2\/posts\/790\/revisions"}],"predecessor-version":[{"id":1158,"href":"https:\/\/cuerosdelsur.com.ar\/it\/wp-json\/wp\/v2\/posts\/790\/revisions\/1158"}],"wp:attachment":[{"href":"https:\/\/cuerosdelsur.com.ar\/it\/wp-json\/wp\/v2\/media?parent=790"}],"wp:term":[{"taxonomy":"category","embeddable":true,"href":"https:\/\/cuerosdelsur.com.ar\/it\/wp-json\/wp\/v2\/categories?post=790"},{"taxonomy":"post_tag","embeddable":true,"href":"https:\/\/cuerosdelsur.com.ar\/it\/wp-json\/wp\/v2\/tags?post=790"}],"curies":[{"name":"wp","href":"https:\/\/api.w.org\/{rel}","templated":true}]}}