{"id":733,"date":"2025-02-25T19:59:06","date_gmt":"2025-02-25T19:59:06","guid":{"rendered":"https:\/\/cuerosdelsur.com.ar\/?p=733"},"modified":"2025-02-26T18:03:04","modified_gmt":"2025-02-26T18:03:04","slug":"chaleco-soldador-vaqueta","status":"publish","type":"post","link":"https:\/\/cuerosdelsur.com.ar\/en\/chaleco-soldador-vaqueta\/","title":{"rendered":"COWHIDE WELDING VEST"},"content":{"rendered":"<div data-elementor-type=\"wp-post\" data-elementor-id=\"733\" class=\"elementor elementor-733\" data-elementor-post-type=\"post\">\n\t\t\t\t<div class=\"elementor-element elementor-element-2faa05f e-flex e-con-boxed e-con e-parent\" data-id=\"2faa05f\" data-element_type=\"container\" data-e-type=\"container\" data-settings=\"{&quot;background_background&quot;:&quot;classic&quot;}\">\n\t\t\t\t\t<div class=\"e-con-inner\">\n\t\t<div class=\"elementor-element elementor-element-cfc48a7 e-con-full e-flex e-con e-child\" data-id=\"cfc48a7\" data-element_type=\"container\" data-e-type=\"container\">\n\t\t\t\t<div class=\"elementor-element elementor-element-01becdc elementor-widget elementor-widget-heading\" data-id=\"01becdc\" data-element_type=\"widget\" data-e-type=\"widget\" data-widget_type=\"heading.default\">\n\t\t\t\t<div class=\"elementor-widget-container\">\n\t\t\t\t\t<h1 class=\"elementor-heading-title elementor-size-default\">COWHIDE WELDING VEST<\/h1>\t\t\t\t<\/div>\n\t\t\t\t<\/div>\n\t\t\t\t<div class=\"elementor-element elementor-element-801e6a9 elementor-widget elementor-widget-text-editor\" data-id=\"801e6a9\" data-element_type=\"widget\" data-e-type=\"widget\" data-widget_type=\"text-editor.default\">\n\t\t\t\t<div class=\"elementor-widget-container\">\n\t\t\t\t\t\t\t\t\t<p><a href=\"https:\/\/cuerosdelsur.com.ar\/\">Home<\/a> \/ Our products \/ Welding vest cow leather<\/p>\t\t\t\t\t\t\t\t<\/div>\n\t\t\t\t<\/div>\n\t\t\t\t<\/div>\n\t\t\t\t\t<\/div>\n\t\t\t\t<\/div>\n\t\t<div class=\"elementor-element elementor-element-ae16254 e-flex e-con-boxed e-con e-parent\" data-id=\"ae16254\" data-element_type=\"container\" data-e-type=\"container\">\n\t\t\t\t\t<div class=\"e-con-inner\">\n\t\t<div class=\"elementor-element elementor-element-f5d5479 e-con-full e-flex e-con e-child\" data-id=\"f5d5479\" data-element_type=\"container\" data-e-type=\"container\">\n\t\t<div class=\"elementor-element elementor-element-f38bb35 e-con-full e-flex e-con e-child\" data-id=\"f38bb35\" data-element_type=\"container\" data-e-type=\"container\">\n\t\t\t\t<div class=\"elementor-element elementor-element-73968ee elementor-hidden-tablet elementor-hidden-mobile elementor-widget elementor-widget-image\" data-id=\"73968ee\" data-element_type=\"widget\" data-e-type=\"widget\" data-widget_type=\"image.default\">\n\t\t\t\t<div class=\"elementor-widget-container\">\n\t\t\t\t\t\t\t\t\t\t\t\t\t\t\t\t<a href=\"https:\/\/cuerosdelsur.com.ar\/wp-content\/uploads\/2025\/02\/chaleco-soldador-0.jpg\" data-elementor-open-lightbox=\"yes\" data-e-action-hash=\"#elementor-action%3Aaction%3Dlightbox%26settings%3DeyJpZCI6NzQxLCJ1cmwiOiJodHRwczpcL1wvY3Vlcm9zZGVsc3VyLmNvbS5hclwvd3AtY29udGVudFwvdXBsb2Fkc1wvMjAyNVwvMDJcL2NoYWxlY28tc29sZGFkb3ItMC5qcGcifQ%3D%3D\">\n\t\t\t\t\t\t\t<img fetchpriority=\"high\" decoding=\"async\" width=\"413\" height=\"413\" src=\"https:\/\/cuerosdelsur.com.ar\/wp-content\/uploads\/2025\/02\/chaleco-soldador-0.jpg\" class=\"attachment-large size-large wp-image-741\" alt=\"\" srcset=\"https:\/\/cuerosdelsur.com.ar\/wp-content\/uploads\/2025\/02\/chaleco-soldador-0.jpg 413w, https:\/\/cuerosdelsur.com.ar\/wp-content\/uploads\/2025\/02\/chaleco-soldador-0-300x300.jpg 300w, https:\/\/cuerosdelsur.com.ar\/wp-content\/uploads\/2025\/02\/chaleco-soldador-0-150x150.jpg 150w, https:\/\/cuerosdelsur.com.ar\/wp-content\/uploads\/2025\/02\/chaleco-soldador-0-12x12.jpg 12w\" sizes=\"(max-width: 413px) 100vw, 413px\" \/>\t\t\t\t\t\t\t\t<\/a>\n\t\t\t\t\t\t\t\t\t\t\t\t\t\t\t<\/div>\n\t\t\t\t<\/div>\n\t\t<div class=\"elementor-element elementor-element-21e7434 e-con-full e-flex e-con e-child\" data-id=\"21e7434\" data-element_type=\"container\" data-e-type=\"container\">\n\t\t\t\t<div class=\"elementor-element elementor-element-df462d1 gallery-spacing-custom elementor-widget elementor-widget-image-gallery\" data-id=\"df462d1\" data-element_type=\"widget\" data-e-type=\"widget\" data-widget_type=\"image-gallery.default\">\n\t\t\t\t<div class=\"elementor-widget-container\">\n\t\t\t\t\t\t\t<div class=\"elementor-image-gallery\">\n\t\t\t<div id='gallery-1' class='gallery galleryid-733 gallery-columns-4 gallery-size-full'><figure class='gallery-item'>\n\t\t\t<div class='gallery-icon portrait'>\n\t\t\t\t<a data-elementor-open-lightbox=\"yes\" data-elementor-lightbox-slideshow=\"df462d1\" data-e-action-hash=\"#elementor-action%3Aaction%3Dlightbox%26settings%3DeyJpZCI6NzQ1LCJ1cmwiOiJodHRwczpcL1wvY3Vlcm9zZGVsc3VyLmNvbS5hclwvd3AtY29udGVudFwvdXBsb2Fkc1wvMjAyNVwvMDJcL2NoYWxlY29fc29sZGFkb3JfdmFxdWV0YV81LmpwZWciLCJzbGlkZXNob3ciOiJkZjQ2MmQxIn0%3D\" href='https:\/\/cuerosdelsur.com.ar\/wp-content\/uploads\/2025\/02\/chaleco_soldador_vaqueta_5.jpeg'><img decoding=\"async\" width=\"1800\" height=\"2400\" src=\"https:\/\/cuerosdelsur.com.ar\/wp-content\/uploads\/2025\/02\/chaleco_soldador_vaqueta_5.jpeg\" class=\"attachment-full size-full\" alt=\"\" srcset=\"https:\/\/cuerosdelsur.com.ar\/wp-content\/uploads\/2025\/02\/chaleco_soldador_vaqueta_5.jpeg 1800w, https:\/\/cuerosdelsur.com.ar\/wp-content\/uploads\/2025\/02\/chaleco_soldador_vaqueta_5-225x300.jpeg 225w, https:\/\/cuerosdelsur.com.ar\/wp-content\/uploads\/2025\/02\/chaleco_soldador_vaqueta_5-768x1024.jpeg 768w, https:\/\/cuerosdelsur.com.ar\/wp-content\/uploads\/2025\/02\/chaleco_soldador_vaqueta_5-1152x1536.jpeg 1152w, https:\/\/cuerosdelsur.com.ar\/wp-content\/uploads\/2025\/02\/chaleco_soldador_vaqueta_5-1536x2048.jpeg 1536w, https:\/\/cuerosdelsur.com.ar\/wp-content\/uploads\/2025\/02\/chaleco_soldador_vaqueta_5-9x12.jpeg 9w\" sizes=\"(max-width: 1800px) 100vw, 1800px\" \/><\/a>\n\t\t\t<\/div><\/figure><figure class='gallery-item'>\n\t\t\t<div class='gallery-icon portrait'>\n\t\t\t\t<a data-elementor-open-lightbox=\"yes\" data-elementor-lightbox-slideshow=\"df462d1\" data-e-action-hash=\"#elementor-action%3Aaction%3Dlightbox%26settings%3DeyJpZCI6NzQ2LCJ1cmwiOiJodHRwczpcL1wvY3Vlcm9zZGVsc3VyLmNvbS5hclwvd3AtY29udGVudFwvdXBsb2Fkc1wvMjAyNVwvMDJcL2NoYWxlY29fc29sZGFkb3JfdmFxdWV0YV8xLmpwZWciLCJzbGlkZXNob3ciOiJkZjQ2MmQxIn0%3D\" href='https:\/\/cuerosdelsur.com.ar\/wp-content\/uploads\/2025\/02\/chaleco_soldador_vaqueta_1.jpeg'><img decoding=\"async\" width=\"1800\" height=\"2400\" src=\"https:\/\/cuerosdelsur.com.ar\/wp-content\/uploads\/2025\/02\/chaleco_soldador_vaqueta_1.jpeg\" class=\"attachment-full size-full\" alt=\"\" srcset=\"https:\/\/cuerosdelsur.com.ar\/wp-content\/uploads\/2025\/02\/chaleco_soldador_vaqueta_1.jpeg 1800w, https:\/\/cuerosdelsur.com.ar\/wp-content\/uploads\/2025\/02\/chaleco_soldador_vaqueta_1-225x300.jpeg 225w, https:\/\/cuerosdelsur.com.ar\/wp-content\/uploads\/2025\/02\/chaleco_soldador_vaqueta_1-768x1024.jpeg 768w, https:\/\/cuerosdelsur.com.ar\/wp-content\/uploads\/2025\/02\/chaleco_soldador_vaqueta_1-1152x1536.jpeg 1152w, https:\/\/cuerosdelsur.com.ar\/wp-content\/uploads\/2025\/02\/chaleco_soldador_vaqueta_1-1536x2048.jpeg 1536w, https:\/\/cuerosdelsur.com.ar\/wp-content\/uploads\/2025\/02\/chaleco_soldador_vaqueta_1-9x12.jpeg 9w\" sizes=\"(max-width: 1800px) 100vw, 1800px\" \/><\/a>\n\t\t\t<\/div><\/figure><figure class='gallery-item'>\n\t\t\t<div class='gallery-icon portrait'>\n\t\t\t\t<a data-elementor-open-lightbox=\"yes\" data-elementor-lightbox-slideshow=\"df462d1\" data-e-action-hash=\"#elementor-action%3Aaction%3Dlightbox%26settings%3DeyJpZCI6NzQ0LCJ1cmwiOiJodHRwczpcL1wvY3Vlcm9zZGVsc3VyLmNvbS5hclwvd3AtY29udGVudFwvdXBsb2Fkc1wvMjAyNVwvMDJcL2NoYWxlY29fc29sZGFkb3JfdmFxdWV0YV80LmpwZWciLCJzbGlkZXNob3ciOiJkZjQ2MmQxIn0%3D\" href='https:\/\/cuerosdelsur.com.ar\/wp-content\/uploads\/2025\/02\/chaleco_soldador_vaqueta_4.jpeg'><img loading=\"lazy\" decoding=\"async\" width=\"1800\" height=\"2400\" src=\"https:\/\/cuerosdelsur.com.ar\/wp-content\/uploads\/2025\/02\/chaleco_soldador_vaqueta_4.jpeg\" class=\"attachment-full size-full\" alt=\"\" srcset=\"https:\/\/cuerosdelsur.com.ar\/wp-content\/uploads\/2025\/02\/chaleco_soldador_vaqueta_4.jpeg 1800w, https:\/\/cuerosdelsur.com.ar\/wp-content\/uploads\/2025\/02\/chaleco_soldador_vaqueta_4-225x300.jpeg 225w, https:\/\/cuerosdelsur.com.ar\/wp-content\/uploads\/2025\/02\/chaleco_soldador_vaqueta_4-768x1024.jpeg 768w, https:\/\/cuerosdelsur.com.ar\/wp-content\/uploads\/2025\/02\/chaleco_soldador_vaqueta_4-1152x1536.jpeg 1152w, https:\/\/cuerosdelsur.com.ar\/wp-content\/uploads\/2025\/02\/chaleco_soldador_vaqueta_4-1536x2048.jpeg 1536w, https:\/\/cuerosdelsur.com.ar\/wp-content\/uploads\/2025\/02\/chaleco_soldador_vaqueta_4-9x12.jpeg 9w\" sizes=\"(max-width: 1800px) 100vw, 1800px\" \/><\/a>\n\t\t\t<\/div><\/figure><figure class='gallery-item'>\n\t\t\t<div class='gallery-icon portrait'>\n\t\t\t\t<a data-elementor-open-lightbox=\"yes\" data-elementor-lightbox-slideshow=\"df462d1\" data-e-action-hash=\"#elementor-action%3Aaction%3Dlightbox%26settings%3DeyJpZCI6NzQzLCJ1cmwiOiJodHRwczpcL1wvY3Vlcm9zZGVsc3VyLmNvbS5hclwvd3AtY29udGVudFwvdXBsb2Fkc1wvMjAyNVwvMDJcL2NoYWxlY29fc29sZGFkb3JfdmFxdWV0YV8zLmpwZWciLCJzbGlkZXNob3ciOiJkZjQ2MmQxIn0%3D\" href='https:\/\/cuerosdelsur.com.ar\/wp-content\/uploads\/2025\/02\/chaleco_soldador_vaqueta_3.jpeg'><img loading=\"lazy\" decoding=\"async\" width=\"1800\" height=\"2400\" src=\"https:\/\/cuerosdelsur.com.ar\/wp-content\/uploads\/2025\/02\/chaleco_soldador_vaqueta_3.jpeg\" class=\"attachment-full size-full\" alt=\"\" srcset=\"https:\/\/cuerosdelsur.com.ar\/wp-content\/uploads\/2025\/02\/chaleco_soldador_vaqueta_3.jpeg 1800w, https:\/\/cuerosdelsur.com.ar\/wp-content\/uploads\/2025\/02\/chaleco_soldador_vaqueta_3-225x300.jpeg 225w, https:\/\/cuerosdelsur.com.ar\/wp-content\/uploads\/2025\/02\/chaleco_soldador_vaqueta_3-768x1024.jpeg 768w, https:\/\/cuerosdelsur.com.ar\/wp-content\/uploads\/2025\/02\/chaleco_soldador_vaqueta_3-1152x1536.jpeg 1152w, https:\/\/cuerosdelsur.com.ar\/wp-content\/uploads\/2025\/02\/chaleco_soldador_vaqueta_3-1536x2048.jpeg 1536w, https:\/\/cuerosdelsur.com.ar\/wp-content\/uploads\/2025\/02\/chaleco_soldador_vaqueta_3-9x12.jpeg 9w\" sizes=\"(max-width: 1800px) 100vw, 1800px\" \/><\/a>\n\t\t\t<\/div><\/figure><figure class='gallery-item'>\n\t\t\t<div class='gallery-icon portrait'>\n\t\t\t\t<a data-elementor-open-lightbox=\"yes\" data-elementor-lightbox-slideshow=\"df462d1\" data-e-action-hash=\"#elementor-action%3Aaction%3Dlightbox%26settings%3DeyJpZCI6NzQyLCJ1cmwiOiJodHRwczpcL1wvY3Vlcm9zZGVsc3VyLmNvbS5hclwvd3AtY29udGVudFwvdXBsb2Fkc1wvMjAyNVwvMDJcL2NoYWxlY29fc29sZGFkb3JfdmFxdWV0YV8yLmpwZWciLCJzbGlkZXNob3ciOiJkZjQ2MmQxIn0%3D\" href='https:\/\/cuerosdelsur.com.ar\/wp-content\/uploads\/2025\/02\/chaleco_soldador_vaqueta_2.jpeg'><img loading=\"lazy\" decoding=\"async\" width=\"1800\" height=\"2400\" src=\"https:\/\/cuerosdelsur.com.ar\/wp-content\/uploads\/2025\/02\/chaleco_soldador_vaqueta_2.jpeg\" class=\"attachment-full size-full\" alt=\"\" srcset=\"https:\/\/cuerosdelsur.com.ar\/wp-content\/uploads\/2025\/02\/chaleco_soldador_vaqueta_2.jpeg 1800w, https:\/\/cuerosdelsur.com.ar\/wp-content\/uploads\/2025\/02\/chaleco_soldador_vaqueta_2-225x300.jpeg 225w, https:\/\/cuerosdelsur.com.ar\/wp-content\/uploads\/2025\/02\/chaleco_soldador_vaqueta_2-768x1024.jpeg 768w, https:\/\/cuerosdelsur.com.ar\/wp-content\/uploads\/2025\/02\/chaleco_soldador_vaqueta_2-1152x1536.jpeg 1152w, https:\/\/cuerosdelsur.com.ar\/wp-content\/uploads\/2025\/02\/chaleco_soldador_vaqueta_2-1536x2048.jpeg 1536w, https:\/\/cuerosdelsur.com.ar\/wp-content\/uploads\/2025\/02\/chaleco_soldador_vaqueta_2-9x12.jpeg 9w\" sizes=\"(max-width: 1800px) 100vw, 1800px\" \/><\/a>\n\t\t\t<\/div><\/figure>\n\t\t<\/div>\n\t\t<\/div>\n\t\t\t\t\t\t<\/div>\n\t\t\t\t<\/div>\n\t\t\t\t<\/div>\n\t\t\t\t<\/div>\n\t\t\t\t<\/div>\n\t\t<div class=\"elementor-element elementor-element-dc2eac4 e-con-full e-flex e-con e-child\" data-id=\"dc2eac4\" data-element_type=\"container\" data-e-type=\"container\">\n\t\t\t\t<div class=\"elementor-element elementor-element-52efd6a elementor-widget elementor-widget-text-editor\" data-id=\"52efd6a\" data-element_type=\"widget\" data-e-type=\"widget\" data-widget_type=\"text-editor.default\">\n\t\t\t\t<div class=\"elementor-widget-container\">\n\t\t\t\t\t\t\t\t\t<p>Welder's leather vest, super comfortable, light and resistant for welding work, is made with high quality cowhide leather, system of metal snaps, closure and Velcro.<\/p>\t\t\t\t\t\t\t\t<\/div>\n\t\t\t\t<\/div>\n\t\t\t\t<div class=\"elementor-element elementor-element-72884f2 elementor-mobile-align-center elementor-widget elementor-widget-button\" data-id=\"72884f2\" data-element_type=\"widget\" data-e-type=\"widget\" data-widget_type=\"button.default\">\n\t\t\t\t<div class=\"elementor-widget-container\">\n\t\t\t\t\t\t\t\t\t<div class=\"elementor-button-wrapper\">\n\t\t\t\t\t<a class=\"elementor-button elementor-button-link elementor-size-sm\" href=\"https:\/\/wa.me\/+541156204834\" target=\"_blank\" rel=\"noopener\">\n\t\t\t\t\t\t<span class=\"elementor-button-content-wrapper\">\n\t\t\t\t\t\t\t\t\t<span class=\"elementor-button-text\">Consult by Whatsapp<\/span>\n\t\t\t\t\t<\/span>\n\t\t\t\t\t<\/a>\n\t\t\t\t<\/div>\n\t\t\t\t\t\t\t\t<\/div>\n\t\t\t\t<\/div>\n\t\t\t\t<\/div>\n\t\t\t\t\t<\/div>\n\t\t\t\t<\/div>\n\t\t<div class=\"elementor-element elementor-element-57a91d73 e-flex e-con-boxed e-con e-parent\" data-id=\"57a91d73\" data-element_type=\"container\" data-e-type=\"container\">\n\t\t\t\t\t<div class=\"e-con-inner\">\n\t\t<div class=\"elementor-element elementor-element-6dae58a2 e-con-full e-flex e-con e-child\" data-id=\"6dae58a2\" data-element_type=\"container\" data-e-type=\"container\">\n\t\t\t\t<div class=\"elementor-element elementor-element-45ff14fc elementor-widget elementor-widget-button\" data-id=\"45ff14fc\" data-element_type=\"widget\" data-e-type=\"widget\" data-widget_type=\"button.default\">\n\t\t\t\t<div class=\"elementor-widget-container\">\n\t\t\t\t\t\t\t\t\t<div class=\"elementor-button-wrapper\">\n\t\t\t\t\t<a class=\"elementor-button elementor-button-link elementor-size-sm\" href=\"https:\/\/cuerosdelsur.com.ar\/campera-soldador-combinada\/\">\n\t\t\t\t\t\t<span class=\"elementor-button-content-wrapper\">\n\t\t\t\t\t\t<span class=\"elementor-button-icon\">\n\t\t\t\t<i aria-hidden=\"true\" class=\"rtmicon rtmicon-chevron-left\"><\/i>\t\t\t<\/span>\n\t\t\t\t\t\t\t\t\t<span class=\"elementor-button-text\">COMBINED WELDER'S JACKET<\/span>\n\t\t\t\t\t<\/span>\n\t\t\t\t\t<\/a>\n\t\t\t\t<\/div>\n\t\t\t\t\t\t\t\t<\/div>\n\t\t\t\t<\/div>\n\t\t\t\t<div class=\"elementor-element elementor-element-92f8c5c elementor-widget elementor-widget-button\" data-id=\"92f8c5c\" data-element_type=\"widget\" data-e-type=\"widget\" data-widget_type=\"button.default\">\n\t\t\t\t<div class=\"elementor-widget-container\">\n\t\t\t\t\t\t\t\t\t<div class=\"elementor-button-wrapper\">\n\t\t\t\t\t<a class=\"elementor-button elementor-button-link elementor-size-sm\" href=\"https:\/\/cuerosdelsur.com.ar\/cofia-soldador\/\">\n\t\t\t\t\t\t<span class=\"elementor-button-content-wrapper\">\n\t\t\t\t\t\t<span class=\"elementor-button-icon\">\n\t\t\t\t<i aria-hidden=\"true\" class=\"rtmicon rtmicon-chevron-right\"><\/i>\t\t\t<\/span>\n\t\t\t\t\t\t\t\t\t<span class=\"elementor-button-text\">COFIA SOLDERER<\/span>\n\t\t\t\t\t<\/span>\n\t\t\t\t\t<\/a>\n\t\t\t\t<\/div>\n\t\t\t\t\t\t\t\t<\/div>\n\t\t\t\t<\/div>\n\t\t\t\t<\/div>\n\t\t\t\t\t<\/div>\n\t\t\t\t<\/div>\n\t\t\t\t<\/div>","protected":false},"excerpt":{"rendered":"<p>Inicio \/ Nuestros productos \/ Chaleco soldador vaqueta Chaleco de Cuero vaqueta soldador, s\u00faper c\u00f3modo liviano y resistente para el trabajo de soldadura, est\u00e1 f\u00e1bricado con cuero vaqueta de alta calidad, sistema de broches metelicos, cierre y velcro. Consultar por Whatsapp CAMPERA SOLDADOR COMBINADA COFIA SOLDADOR<\/p>","protected":false},"author":2,"featured_media":0,"comment_status":"closed","ping_status":"open","sticky":false,"template":"","format":"standard","meta":{"footnotes":""},"categories":[1],"tags":[],"class_list":["post-733","post","type-post","status-publish","format-standard","hentry","category-uncategorized"],"_links":{"self":[{"href":"https:\/\/cuerosdelsur.com.ar\/en\/wp-json\/wp\/v2\/posts\/733","targetHints":{"allow":["GET"]}}],"collection":[{"href":"https:\/\/cuerosdelsur.com.ar\/en\/wp-json\/wp\/v2\/posts"}],"about":[{"href":"https:\/\/cuerosdelsur.com.ar\/en\/wp-json\/wp\/v2\/types\/post"}],"author":[{"embeddable":true,"href":"https:\/\/cuerosdelsur.com.ar\/en\/wp-json\/wp\/v2\/users\/2"}],"replies":[{"embeddable":true,"href":"https:\/\/cuerosdelsur.com.ar\/en\/wp-json\/wp\/v2\/comments?post=733"}],"version-history":[{"count":13,"href":"https:\/\/cuerosdelsur.com.ar\/en\/wp-json\/wp\/v2\/posts\/733\/revisions"}],"predecessor-version":[{"id":1143,"href":"https:\/\/cuerosdelsur.com.ar\/en\/wp-json\/wp\/v2\/posts\/733\/revisions\/1143"}],"wp:attachment":[{"href":"https:\/\/cuerosdelsur.com.ar\/en\/wp-json\/wp\/v2\/media?parent=733"}],"wp:term":[{"taxonomy":"category","embeddable":true,"href":"https:\/\/cuerosdelsur.com.ar\/en\/wp-json\/wp\/v2\/categories?post=733"},{"taxonomy":"post_tag","embeddable":true,"href":"https:\/\/cuerosdelsur.com.ar\/en\/wp-json\/wp\/v2\/tags?post=733"}],"curies":[{"name":"wp","href":"https:\/\/api.w.org\/{rel}","templated":true}]}}