{"id":660,"date":"2025-02-25T11:34:27","date_gmt":"2025-02-25T11:34:27","guid":{"rendered":"https:\/\/cuerosdelsur.com.ar\/?p=660"},"modified":"2025-02-26T18:02:12","modified_gmt":"2025-02-26T18:02:12","slug":"campera-soldador-vaqueta","status":"publish","type":"post","link":"https:\/\/cuerosdelsur.com.ar\/en\/campera-soldador-vaqueta\/","title":{"rendered":"COWHIDE WELDER'S JACKET"},"content":{"rendered":"<div data-elementor-type=\"wp-post\" data-elementor-id=\"660\" class=\"elementor elementor-660\" data-elementor-post-type=\"post\">\n\t\t\t\t<div class=\"elementor-element elementor-element-2faa05f e-flex e-con-boxed e-con e-parent\" data-id=\"2faa05f\" data-element_type=\"container\" data-e-type=\"container\" data-settings=\"{&quot;background_background&quot;:&quot;classic&quot;}\">\n\t\t\t\t\t<div class=\"e-con-inner\">\n\t\t<div class=\"elementor-element elementor-element-cfc48a7 e-con-full e-flex e-con e-child\" data-id=\"cfc48a7\" data-element_type=\"container\" data-e-type=\"container\">\n\t\t\t\t<div class=\"elementor-element elementor-element-01becdc elementor-widget elementor-widget-heading\" data-id=\"01becdc\" data-element_type=\"widget\" data-e-type=\"widget\" data-widget_type=\"heading.default\">\n\t\t\t\t<div class=\"elementor-widget-container\">\n\t\t\t\t\t<h1 class=\"elementor-heading-title elementor-size-default\">COWHIDE WELDER'S JACKET<\/h1>\t\t\t\t<\/div>\n\t\t\t\t<\/div>\n\t\t\t\t<div class=\"elementor-element elementor-element-801e6a9 elementor-widget elementor-widget-text-editor\" data-id=\"801e6a9\" data-element_type=\"widget\" data-e-type=\"widget\" data-widget_type=\"text-editor.default\">\n\t\t\t\t<div class=\"elementor-widget-container\">\n\t\t\t\t\t\t\t\t\t<p><a href=\"https:\/\/cuerosdelsur.com.ar\/\">Home<\/a> \/ Our products \/ Cowhide welder jacket<\/p>\t\t\t\t\t\t\t\t<\/div>\n\t\t\t\t<\/div>\n\t\t\t\t<\/div>\n\t\t\t\t\t<\/div>\n\t\t\t\t<\/div>\n\t\t<div class=\"elementor-element elementor-element-ae16254 e-flex e-con-boxed e-con e-parent\" data-id=\"ae16254\" data-element_type=\"container\" data-e-type=\"container\">\n\t\t\t\t\t<div class=\"e-con-inner\">\n\t\t<div class=\"elementor-element elementor-element-f5d5479 e-con-full e-flex e-con e-child\" data-id=\"f5d5479\" data-element_type=\"container\" data-e-type=\"container\">\n\t\t<div class=\"elementor-element elementor-element-f38bb35 e-con-full e-flex e-con e-child\" data-id=\"f38bb35\" data-element_type=\"container\" data-e-type=\"container\">\n\t\t\t\t<div class=\"elementor-element elementor-element-73968ee elementor-hidden-tablet elementor-hidden-mobile elementor-widget elementor-widget-image\" data-id=\"73968ee\" data-element_type=\"widget\" data-e-type=\"widget\" data-widget_type=\"image.default\">\n\t\t\t\t<div class=\"elementor-widget-container\">\n\t\t\t\t\t\t\t\t\t\t\t\t\t\t\t\t<a href=\"https:\/\/cuerosdelsur.com.ar\/wp-content\/uploads\/2025\/02\/Campera-de-cuero-vaqueta.jpg\" data-elementor-open-lightbox=\"yes\" data-e-action-hash=\"#elementor-action%3Aaction%3Dlightbox%26settings%3DeyJpZCI6MzY3LCJ1cmwiOiJodHRwczpcL1wvY3Vlcm9zZGVsc3VyLmNvbS5hclwvd3AtY29udGVudFwvdXBsb2Fkc1wvMjAyNVwvMDJcL0NhbXBlcmEtZGUtY3Vlcm8tdmFxdWV0YS5qcGcifQ%3D%3D\">\n\t\t\t\t\t\t\t<img fetchpriority=\"high\" decoding=\"async\" width=\"413\" height=\"413\" src=\"https:\/\/cuerosdelsur.com.ar\/wp-content\/uploads\/2025\/02\/Campera-de-cuero-vaqueta.jpg\" class=\"attachment-large size-large wp-image-367\" alt=\"\" srcset=\"https:\/\/cuerosdelsur.com.ar\/wp-content\/uploads\/2025\/02\/Campera-de-cuero-vaqueta.jpg 413w, https:\/\/cuerosdelsur.com.ar\/wp-content\/uploads\/2025\/02\/Campera-de-cuero-vaqueta-300x300.jpg 300w, https:\/\/cuerosdelsur.com.ar\/wp-content\/uploads\/2025\/02\/Campera-de-cuero-vaqueta-150x150.jpg 150w\" sizes=\"(max-width: 413px) 100vw, 413px\" \/>\t\t\t\t\t\t\t\t<\/a>\n\t\t\t\t\t\t\t\t\t\t\t\t\t\t\t<\/div>\n\t\t\t\t<\/div>\n\t\t<div class=\"elementor-element elementor-element-21e7434 e-con-full e-flex e-con e-child\" data-id=\"21e7434\" data-element_type=\"container\" data-e-type=\"container\">\n\t\t\t\t<div class=\"elementor-element elementor-element-df462d1 gallery-spacing-custom elementor-widget elementor-widget-image-gallery\" data-id=\"df462d1\" data-element_type=\"widget\" data-e-type=\"widget\" data-widget_type=\"image-gallery.default\">\n\t\t\t\t<div class=\"elementor-widget-container\">\n\t\t\t\t\t\t\t<div class=\"elementor-image-gallery\">\n\t\t\t<div id='gallery-1' class='gallery galleryid-660 gallery-columns-4 gallery-size-full'><figure class='gallery-item'>\n\t\t\t<div class='gallery-icon landscape'>\n\t\t\t\t<a data-elementor-open-lightbox=\"yes\" data-elementor-lightbox-slideshow=\"df462d1\" data-e-action-hash=\"#elementor-action%3Aaction%3Dlightbox%26settings%3DeyJpZCI6NjYzLCJ1cmwiOiJodHRwczpcL1wvY3Vlcm9zZGVsc3VyLmNvbS5hclwvd3AtY29udGVudFwvdXBsb2Fkc1wvMjAyNVwvMDJcL0NBTVBFUkFfU09MREFET1JfVkFRVUVUQV8yLmpwZWciLCJzbGlkZXNob3ciOiJkZjQ2MmQxIn0%3D\" href='https:\/\/cuerosdelsur.com.ar\/wp-content\/uploads\/2025\/02\/CAMPERA_SOLDADOR_VAQUETA_2.jpeg'><img decoding=\"async\" width=\"1920\" height=\"1920\" src=\"https:\/\/cuerosdelsur.com.ar\/wp-content\/uploads\/2025\/02\/CAMPERA_SOLDADOR_VAQUETA_2.jpeg\" class=\"attachment-full size-full\" alt=\"\" srcset=\"https:\/\/cuerosdelsur.com.ar\/wp-content\/uploads\/2025\/02\/CAMPERA_SOLDADOR_VAQUETA_2.jpeg 1920w, https:\/\/cuerosdelsur.com.ar\/wp-content\/uploads\/2025\/02\/CAMPERA_SOLDADOR_VAQUETA_2-300x300.jpeg 300w, https:\/\/cuerosdelsur.com.ar\/wp-content\/uploads\/2025\/02\/CAMPERA_SOLDADOR_VAQUETA_2-1024x1024.jpeg 1024w, https:\/\/cuerosdelsur.com.ar\/wp-content\/uploads\/2025\/02\/CAMPERA_SOLDADOR_VAQUETA_2-150x150.jpeg 150w, https:\/\/cuerosdelsur.com.ar\/wp-content\/uploads\/2025\/02\/CAMPERA_SOLDADOR_VAQUETA_2-768x768.jpeg 768w, https:\/\/cuerosdelsur.com.ar\/wp-content\/uploads\/2025\/02\/CAMPERA_SOLDADOR_VAQUETA_2-1536x1536.jpeg 1536w, https:\/\/cuerosdelsur.com.ar\/wp-content\/uploads\/2025\/02\/CAMPERA_SOLDADOR_VAQUETA_2-12x12.jpeg 12w\" sizes=\"(max-width: 1920px) 100vw, 1920px\" \/><\/a>\n\t\t\t<\/div><\/figure><figure class='gallery-item'>\n\t\t\t<div class='gallery-icon landscape'>\n\t\t\t\t<a data-elementor-open-lightbox=\"yes\" data-elementor-lightbox-slideshow=\"df462d1\" data-e-action-hash=\"#elementor-action%3Aaction%3Dlightbox%26settings%3DeyJpZCI6NjY0LCJ1cmwiOiJodHRwczpcL1wvY3Vlcm9zZGVsc3VyLmNvbS5hclwvd3AtY29udGVudFwvdXBsb2Fkc1wvMjAyNVwvMDJcL0NBTVBFUkFfU09MREFET1JfVkFRVUVUQV8xLmpwZWciLCJzbGlkZXNob3ciOiJkZjQ2MmQxIn0%3D\" href='https:\/\/cuerosdelsur.com.ar\/wp-content\/uploads\/2025\/02\/CAMPERA_SOLDADOR_VAQUETA_1.jpeg'><img decoding=\"async\" width=\"1920\" height=\"1920\" src=\"https:\/\/cuerosdelsur.com.ar\/wp-content\/uploads\/2025\/02\/CAMPERA_SOLDADOR_VAQUETA_1.jpeg\" class=\"attachment-full size-full\" alt=\"\" srcset=\"https:\/\/cuerosdelsur.com.ar\/wp-content\/uploads\/2025\/02\/CAMPERA_SOLDADOR_VAQUETA_1.jpeg 1920w, https:\/\/cuerosdelsur.com.ar\/wp-content\/uploads\/2025\/02\/CAMPERA_SOLDADOR_VAQUETA_1-300x300.jpeg 300w, https:\/\/cuerosdelsur.com.ar\/wp-content\/uploads\/2025\/02\/CAMPERA_SOLDADOR_VAQUETA_1-1024x1024.jpeg 1024w, https:\/\/cuerosdelsur.com.ar\/wp-content\/uploads\/2025\/02\/CAMPERA_SOLDADOR_VAQUETA_1-150x150.jpeg 150w, https:\/\/cuerosdelsur.com.ar\/wp-content\/uploads\/2025\/02\/CAMPERA_SOLDADOR_VAQUETA_1-768x768.jpeg 768w, https:\/\/cuerosdelsur.com.ar\/wp-content\/uploads\/2025\/02\/CAMPERA_SOLDADOR_VAQUETA_1-1536x1536.jpeg 1536w, https:\/\/cuerosdelsur.com.ar\/wp-content\/uploads\/2025\/02\/CAMPERA_SOLDADOR_VAQUETA_1-12x12.jpeg 12w\" sizes=\"(max-width: 1920px) 100vw, 1920px\" \/><\/a>\n\t\t\t<\/div><\/figure><figure class='gallery-item'>\n\t\t\t<div class='gallery-icon landscape'>\n\t\t\t\t<a data-elementor-open-lightbox=\"yes\" data-elementor-lightbox-slideshow=\"df462d1\" data-e-action-hash=\"#elementor-action%3Aaction%3Dlightbox%26settings%3DeyJpZCI6NjY1LCJ1cmwiOiJodHRwczpcL1wvY3Vlcm9zZGVsc3VyLmNvbS5hclwvd3AtY29udGVudFwvdXBsb2Fkc1wvMjAyNVwvMDJcL0NBTVBFUkEtU09MREFET1ItVkFRVUVUQV8wLmpwZWciLCJzbGlkZXNob3ciOiJkZjQ2MmQxIn0%3D\" href='https:\/\/cuerosdelsur.com.ar\/wp-content\/uploads\/2025\/02\/CAMPERA-SOLDADOR-VAQUETA_0.jpeg'><img loading=\"lazy\" decoding=\"async\" width=\"1196\" height=\"1185\" src=\"https:\/\/cuerosdelsur.com.ar\/wp-content\/uploads\/2025\/02\/CAMPERA-SOLDADOR-VAQUETA_0.jpeg\" class=\"attachment-full size-full\" alt=\"\" srcset=\"https:\/\/cuerosdelsur.com.ar\/wp-content\/uploads\/2025\/02\/CAMPERA-SOLDADOR-VAQUETA_0.jpeg 1196w, https:\/\/cuerosdelsur.com.ar\/wp-content\/uploads\/2025\/02\/CAMPERA-SOLDADOR-VAQUETA_0-300x297.jpeg 300w, https:\/\/cuerosdelsur.com.ar\/wp-content\/uploads\/2025\/02\/CAMPERA-SOLDADOR-VAQUETA_0-1024x1015.jpeg 1024w, https:\/\/cuerosdelsur.com.ar\/wp-content\/uploads\/2025\/02\/CAMPERA-SOLDADOR-VAQUETA_0-150x150.jpeg 150w, https:\/\/cuerosdelsur.com.ar\/wp-content\/uploads\/2025\/02\/CAMPERA-SOLDADOR-VAQUETA_0-768x761.jpeg 768w, https:\/\/cuerosdelsur.com.ar\/wp-content\/uploads\/2025\/02\/CAMPERA-SOLDADOR-VAQUETA_0-12x12.jpeg 12w\" sizes=\"(max-width: 1196px) 100vw, 1196px\" \/><\/a>\n\t\t\t<\/div><\/figure>\n\t\t<\/div>\n\t\t<\/div>\n\t\t\t\t\t\t<\/div>\n\t\t\t\t<\/div>\n\t\t\t\t<\/div>\n\t\t\t\t<\/div>\n\t\t\t\t<\/div>\n\t\t<div class=\"elementor-element elementor-element-dc2eac4 e-con-full e-flex e-con e-child\" data-id=\"dc2eac4\" data-element_type=\"container\" data-e-type=\"container\">\n\t\t\t\t<div class=\"elementor-element elementor-element-52efd6a elementor-widget elementor-widget-text-editor\" data-id=\"52efd6a\" data-element_type=\"widget\" data-e-type=\"widget\" data-widget_type=\"text-editor.default\">\n\t\t\t\t<div class=\"elementor-widget-container\">\n\t\t\t\t\t\t\t\t\t<p>Discover our latest innovation: the uniquely designed welding jacket, designed to optimize your work experience! This jacket, made of selected flesh leather and denim, not only offers exceptional protection, but also maximizes ventilation, comfort and freshness during long working days in high temperatures. Its high-temperature resistant aramid yarn fabric ensures optimum safety. Equipped with metal snaps, zipper, Velcro and 2 internal pockets, this jacket provides a secure and quick fit. It is the ideal ally for demanding welding jobs, offering a perfect combination of protection, comfort and functionality, it is a very lightweight garment to ensure excellent comfort during long working days.<\/p>\t\t\t\t\t\t\t\t<\/div>\n\t\t\t\t<\/div>\n\t\t\t\t<div class=\"elementor-element elementor-element-9c8a1c4 elementor-mobile-align-center elementor-widget elementor-widget-button\" data-id=\"9c8a1c4\" data-element_type=\"widget\" data-e-type=\"widget\" data-widget_type=\"button.default\">\n\t\t\t\t<div class=\"elementor-widget-container\">\n\t\t\t\t\t\t\t\t\t<div class=\"elementor-button-wrapper\">\n\t\t\t\t\t<a class=\"elementor-button elementor-button-link elementor-size-sm\" href=\"https:\/\/wa.me\/+541156204834\" target=\"_blank\" rel=\"noopener\">\n\t\t\t\t\t\t<span class=\"elementor-button-content-wrapper\">\n\t\t\t\t\t\t\t\t\t<span class=\"elementor-button-text\">Consult by Whatsapp<\/span>\n\t\t\t\t\t<\/span>\n\t\t\t\t\t<\/a>\n\t\t\t\t<\/div>\n\t\t\t\t\t\t\t\t<\/div>\n\t\t\t\t<\/div>\n\t\t\t\t<\/div>\n\t\t\t\t\t<\/div>\n\t\t\t\t<\/div>\n\t\t<div class=\"elementor-element elementor-element-3ae7d41c e-flex e-con-boxed e-con e-parent\" data-id=\"3ae7d41c\" data-element_type=\"container\" data-e-type=\"container\">\n\t\t\t\t\t<div class=\"e-con-inner\">\n\t\t<div class=\"elementor-element elementor-element-4893b3db e-con-full e-flex e-con e-child\" data-id=\"4893b3db\" data-element_type=\"container\" data-e-type=\"container\">\n\t\t\t\t<div class=\"elementor-element elementor-element-2278d49b elementor-widget elementor-widget-button\" data-id=\"2278d49b\" data-element_type=\"widget\" data-e-type=\"widget\" data-widget_type=\"button.default\">\n\t\t\t\t<div class=\"elementor-widget-container\">\n\t\t\t\t\t\t\t\t\t<div class=\"elementor-button-wrapper\">\n\t\t\t\t\t<a class=\"elementor-button elementor-button-link elementor-size-sm\" href=\"https:\/\/cuerosdelsur.com.ar\/camisa-soldador-combinada-roja\/\">\n\t\t\t\t\t\t<span class=\"elementor-button-content-wrapper\">\n\t\t\t\t\t\t<span class=\"elementor-button-icon\">\n\t\t\t\t<i aria-hidden=\"true\" class=\"rtmicon rtmicon-chevron-left\"><\/i>\t\t\t<\/span>\n\t\t\t\t\t\t\t\t\t<span class=\"elementor-button-text\">Combined welder shirt<\/span>\n\t\t\t\t\t<\/span>\n\t\t\t\t\t<\/a>\n\t\t\t\t<\/div>\n\t\t\t\t\t\t\t\t<\/div>\n\t\t\t\t<\/div>\n\t\t\t\t<div class=\"elementor-element elementor-element-4046fe65 elementor-widget elementor-widget-button\" data-id=\"4046fe65\" data-element_type=\"widget\" data-e-type=\"widget\" data-widget_type=\"button.default\">\n\t\t\t\t<div class=\"elementor-widget-container\">\n\t\t\t\t\t\t\t\t\t<div class=\"elementor-button-wrapper\">\n\t\t\t\t\t<a class=\"elementor-button elementor-button-link elementor-size-sm\" href=\"https:\/\/cuerosdelsur.com.ar\/campera-soldador-combinada\/\">\n\t\t\t\t\t\t<span class=\"elementor-button-content-wrapper\">\n\t\t\t\t\t\t<span class=\"elementor-button-icon\">\n\t\t\t\t<i aria-hidden=\"true\" class=\"rtmicon rtmicon-chevron-right\"><\/i>\t\t\t<\/span>\n\t\t\t\t\t\t\t\t\t<span class=\"elementor-button-text\">COMBINED WELDER'S JACKET<\/span>\n\t\t\t\t\t<\/span>\n\t\t\t\t\t<\/a>\n\t\t\t\t<\/div>\n\t\t\t\t\t\t\t\t<\/div>\n\t\t\t\t<\/div>\n\t\t\t\t<\/div>\n\t\t\t\t\t<\/div>\n\t\t\t\t<\/div>\n\t\t\t\t<\/div>","protected":false},"excerpt":{"rendered":"<p>Inicio \/ Nuestros productos \/ Campera soldador vaqueta Descubre nuestra \u00faltima innovaci\u00f3n: la campera soldador con dise\u00f1o \u00fanico, pensada para optimizar tu experiencia laboral! Esta campara, confeccionada con cuero descarne seleccionado y jean, no solo ofrece protecci\u00f3n excepcional, sino que tambi\u00e9n maximiza la ventilaci\u00f3n, la comodidad y la frescura durante largas jornadas de trabajo en [&hellip;]<\/p>","protected":false},"author":2,"featured_media":0,"comment_status":"closed","ping_status":"open","sticky":false,"template":"","format":"standard","meta":{"footnotes":""},"categories":[1],"tags":[],"class_list":["post-660","post","type-post","status-publish","format-standard","hentry","category-uncategorized"],"_links":{"self":[{"href":"https:\/\/cuerosdelsur.com.ar\/en\/wp-json\/wp\/v2\/posts\/660","targetHints":{"allow":["GET"]}}],"collection":[{"href":"https:\/\/cuerosdelsur.com.ar\/en\/wp-json\/wp\/v2\/posts"}],"about":[{"href":"https:\/\/cuerosdelsur.com.ar\/en\/wp-json\/wp\/v2\/types\/post"}],"author":[{"embeddable":true,"href":"https:\/\/cuerosdelsur.com.ar\/en\/wp-json\/wp\/v2\/users\/2"}],"replies":[{"embeddable":true,"href":"https:\/\/cuerosdelsur.com.ar\/en\/wp-json\/wp\/v2\/comments?post=660"}],"version-history":[{"count":22,"href":"https:\/\/cuerosdelsur.com.ar\/en\/wp-json\/wp\/v2\/posts\/660\/revisions"}],"predecessor-version":[{"id":1140,"href":"https:\/\/cuerosdelsur.com.ar\/en\/wp-json\/wp\/v2\/posts\/660\/revisions\/1140"}],"wp:attachment":[{"href":"https:\/\/cuerosdelsur.com.ar\/en\/wp-json\/wp\/v2\/media?parent=660"}],"wp:term":[{"taxonomy":"category","embeddable":true,"href":"https:\/\/cuerosdelsur.com.ar\/en\/wp-json\/wp\/v2\/categories?post=660"},{"taxonomy":"post_tag","embeddable":true,"href":"https:\/\/cuerosdelsur.com.ar\/en\/wp-json\/wp\/v2\/tags?post=660"}],"curies":[{"name":"wp","href":"https:\/\/api.w.org\/{rel}","templated":true}]}}